{"id":5113,"date":"2026-03-10T23:03:24","date_gmt":"2026-03-11T02:03:24","guid":{"rendered":"https:\/\/berissodigital.com\/wp\/?p=5113"},"modified":"2026-03-10T23:03:24","modified_gmt":"2026-03-11T02:03:24","slug":"del-algoritmo-a-la-senal-por-que-volvemos-a-programar-musica","status":"publish","type":"post","link":"https:\/\/berissodigital.com\/wp\/del-algoritmo-a-la-senal-por-que-volvemos-a-programar-musica\/","title":{"rendered":"Del algoritmo a la se\u00f1al: por qu\u00e9 volvemos a programar m\u00fasica"},"content":{"rendered":"<div class='booster-block booster-read-block'>\n                <div class=\"twp-read-time\">\n                \t<i class=\"booster-icon twp-clock\"><\/i> <span>Read Time:<\/span>4 Minute, 2 Second                <\/div>\n\n            <\/div><p data-start=\"65\" data-end=\"328\">Durante d\u00e9cadas, la televisi\u00f3n musical fue algo m\u00e1s que entretenimiento. Fue una forma de mediaci\u00f3n cultural. Un espacio donde la m\u00fasica no aparec\u00eda aislada sino contextualizada, presentada, ordenada dentro de una programaci\u00f3n que reflejaba un criterio editorial.<\/p>\n<p data-start=\"330\" data-end=\"359\">Ese modelo hoy parece lejano.<\/p>\n<p data-start=\"361\" data-end=\"677\">En la actualidad, gran parte de la m\u00fasica circula dentro de plataformas gobernadas por algoritmos que organizan el contenido seg\u00fan patrones de consumo, tiempo de permanencia y m\u00e9tricas de interacci\u00f3n. El usuario ya no encuentra m\u00fasica: la m\u00fasica lo encuentra a \u00e9l, filtrada por sistemas autom\u00e1ticos de recomendaci\u00f3n.<\/p>\n<p data-start=\"679\" data-end=\"741\">Este cambio no es menor.<br data-start=\"703\" data-end=\"706\" \/>Es un cambio de paradigma cultural.<\/p>\n<hr data-start=\"743\" data-end=\"746\" \/>\n<h2 data-section-id=\"2o8axw\" data-start=\"748\" data-end=\"786\">Cuando la m\u00fasica ten\u00eda programaci\u00f3n<\/h2>\n<p data-start=\"788\" data-end=\"866\">Para entender el presente hay que recordar c\u00f3mo funcionaba el pasado reciente.<\/p>\n<p data-start=\"868\" data-end=\"1041\">La televisi\u00f3n musical no siempre fue una sucesi\u00f3n infinita de fragmentos. Durante a\u00f1os existieron programas que actuaban como verdaderos mediadores entre artistas y p\u00fablico.<\/p>\n<p data-start=\"1043\" data-end=\"1418\">Mucho antes de que el cable internacional se volviera masivo en Argentina, la m\u00fasica ya circulaba por la televisi\u00f3n local. Programas como <strong data-start=\"1181\" data-end=\"1222\"><span class=\"hover:entity-accent entity-underline inline cursor-pointer align-baseline\"><span class=\"whitespace-normal\">M\u00fasica Total Videos<\/span><\/span><\/strong>, emitido desde el hist\u00f3rico Canal 2 de La Plata, o ciclos como <strong data-start=\"1286\" data-end=\"1327\"><span class=\"hover:entity-accent entity-underline inline cursor-pointer align-baseline\"><span class=\"whitespace-normal\">Johnny Allon Presenta<\/span><\/span><\/strong>, formaron parte de esa experiencia cultural que combinaba m\u00fasica, presentaci\u00f3n y contexto.<\/p>\n<p data-start=\"1420\" data-end=\"1584\">M\u00e1s tarde aparecer\u00eda <strong data-start=\"1441\" data-end=\"1482\"><span class=\"hover:entity-accent entity-underline inline cursor-pointer align-baseline\"><span class=\"whitespace-normal\">MuchMusic<\/span><\/span><\/strong>, una se\u00f1al que durante varios a\u00f1os mantuvo una programaci\u00f3n centrada en videoclips y cultura musical.<\/p>\n<p data-start=\"1586\" data-end=\"1895\">Cuando finalmente se consolid\u00f3 en la regi\u00f3n <strong data-start=\"1630\" data-end=\"1671\"><span class=\"hover:entity-accent entity-underline inline cursor-pointer align-baseline\"><span class=\"whitespace-normal\">MTV Latinoam\u00e9rica<\/span><\/span><\/strong>, el modelo ya estaba cambiando. La se\u00f1al que hab\u00eda nacido como canal de videos 24 horas comenzaba a transformarse progresivamente en un canal de entretenimiento juvenil donde los reality shows ocupaban cada vez m\u00e1s espacio.<\/p>\n<p data-start=\"1897\" data-end=\"1988\">La televisi\u00f3n musical, tal como hab\u00eda sido concebida originalmente, empezaba a desaparecer.<\/p>\n<hr data-start=\"1990\" data-end=\"1993\" \/>\n<h2 data-section-id=\"1v9eege\" data-start=\"1995\" data-end=\"2030\">La ilusi\u00f3n de la personalizaci\u00f3n<\/h2>\n<p data-start=\"2032\" data-end=\"2069\">Internet prometi\u00f3 resolver ese vac\u00edo.<\/p>\n<p data-start=\"2071\" data-end=\"2256\">Las plataformas digitales ofrecieron una idea seductora: cada persona tendr\u00eda su propio flujo de contenido. Un algoritmo aprender\u00eda sus gustos y le sugerir\u00eda m\u00fasica de forma permanente.<\/p>\n<p data-start=\"2258\" data-end=\"2293\">La promesa era diversidad infinita.<\/p>\n<p data-start=\"2295\" data-end=\"2328\">La realidad result\u00f3 m\u00e1s compleja.<\/p>\n<p data-start=\"2330\" data-end=\"2523\">Los algoritmos funcionan optimizando m\u00e9tricas. Buscan maximizar el tiempo de permanencia del usuario dentro de la plataforma. Para lograrlo tienden a reforzar patrones de consumo ya existentes.<\/p>\n<p data-start=\"2525\" data-end=\"2585\">El resultado es una cultura musical cada vez m\u00e1s previsible.<\/p>\n<p data-start=\"2587\" data-end=\"2670\">El descubrimiento se vuelve raro.<br data-start=\"2620\" data-end=\"2623\" \/>La sorpresa disminuye.<br data-start=\"2645\" data-end=\"2648\" \/>La repetici\u00f3n aumenta.<\/p>\n<p data-start=\"2672\" data-end=\"2819\">Parad\u00f3jicamente, en la \u00e9poca con mayor disponibilidad de m\u00fasica en la historia, la experiencia de exploraci\u00f3n cultural puede volverse m\u00e1s estrecha.<\/p>\n<hr data-start=\"2821\" data-end=\"2824\" \/>\n<h2 data-section-id=\"khafc8\" data-start=\"2826\" data-end=\"2859\">El tiempo cultural fragmentado<\/h2>\n<p data-start=\"2861\" data-end=\"2925\">La l\u00f3gica del algoritmo tambi\u00e9n transform\u00f3 el tiempo de consumo.<\/p>\n<p data-start=\"2927\" data-end=\"3026\">La televisi\u00f3n musical tradicional implicaba detenerse.<br data-start=\"2981\" data-end=\"2984\" \/>Hab\u00eda una secuencia.<br data-start=\"3004\" data-end=\"3007\" \/>Hab\u00eda una duraci\u00f3n.<\/p>\n<p data-start=\"3028\" data-end=\"3159\">El ecosistema digital, en cambio, privilegia la fragmentaci\u00f3n. Los contenidos se consumen de manera breve, acelerada, interrumpida.<\/p>\n<p data-start=\"3161\" data-end=\"3243\">La m\u00fasica se convierte en un est\u00edmulo m\u00e1s dentro de un flujo continuo de im\u00e1genes.<\/p>\n<p data-start=\"3245\" data-end=\"3267\">La experiencia cambia.<\/p>\n<p data-start=\"3269\" data-end=\"3311\">Ya no se \u201cmira\u201d m\u00fasica.<br data-start=\"3292\" data-end=\"3295\" \/>Se la atraviesa.<\/p>\n<hr data-start=\"3313\" data-end=\"3316\" \/>\n<h2 data-section-id=\"dp2plr\" data-start=\"3318\" data-end=\"3347\">Recuperar la idea de se\u00f1al<\/h2>\n<p data-start=\"3349\" data-end=\"3428\">En este contexto, recuperar la idea de se\u00f1al puede parecer un gesto anacr\u00f3nico.<\/p>\n<p data-start=\"3430\" data-end=\"3548\">Sin embargo, es precisamente en momentos de saturaci\u00f3n algor\u00edtmica cuando la curadur\u00eda humana vuelve a adquirir valor.<\/p>\n<p data-start=\"3550\" data-end=\"3625\">Programar implica seleccionar.<br data-start=\"3580\" data-end=\"3583\" \/>Ordenar.<br data-start=\"3591\" data-end=\"3594\" \/>Proponer recorridos culturales.<\/p>\n<p data-start=\"3627\" data-end=\"3688\">Una programaci\u00f3n no es una suma de contenidos: es una mirada.<\/p>\n<hr data-start=\"3690\" data-end=\"3693\" \/>\n<h2 data-section-id=\"tx2u2d\" data-start=\"3695\" data-end=\"3721\">Una se\u00f1al desde Berisso<\/h2>\n<p data-start=\"3723\" data-end=\"3782\">A partir de esa convicci\u00f3n nace <strong data-start=\"3755\" data-end=\"3781\">Berisso Digital Web TV<\/strong>.<\/p>\n<p data-start=\"3784\" data-end=\"3999\">No como una simple reproducci\u00f3n autom\u00e1tica de videos, sino como una se\u00f1al continua que recupera el esp\u00edritu de la televisi\u00f3n musical: programaci\u00f3n 24 horas, contenido curado y una relaci\u00f3n directa con el territorio.<\/p>\n<p data-start=\"4001\" data-end=\"4051\">La propuesta combina distintos niveles culturales:<\/p>\n<p data-start=\"4053\" data-end=\"4180\">videos musicales,<br data-start=\"4070\" data-end=\"4073\" \/>especiales culturales,<br data-start=\"4095\" data-end=\"4098\" \/>producciones propias,<br data-start=\"4119\" data-end=\"4122\" \/>artistas locales y regionales,<br data-start=\"4152\" data-end=\"4155\" \/>cl\u00e1sicos internacionales.<\/p>\n<p data-start=\"4182\" data-end=\"4290\">La intenci\u00f3n no es competir con las grandes plataformas globales. Ser\u00eda absurdo plantearlo en esos t\u00e9rminos.<\/p>\n<p data-start=\"4292\" data-end=\"4312\">El objetivo es otro.<\/p>\n<p data-start=\"4314\" data-end=\"4375\">Construir un espacio donde la m\u00fasica vuelva a tener contexto.<\/p>\n<hr data-start=\"4377\" data-end=\"4380\" \/>\n<h2 data-section-id=\"invsen\" data-start=\"4382\" data-end=\"4419\">Cultura local en un sistema global<\/h2>\n<p data-start=\"4421\" data-end=\"4628\">El ecosistema digital contempor\u00e1neo tiende a concentrar visibilidad en pocos centros globales de producci\u00f3n cultural. Frente a ese escenario, la creaci\u00f3n de medios locales adquiere un significado particular.<\/p>\n<p data-start=\"4630\" data-end=\"4675\">No se trata solamente de difundir contenidos.<\/p>\n<p data-start=\"4677\" data-end=\"4705\">Se trata de producir mirada.<\/p>\n<p data-start=\"4707\" data-end=\"4927\">Berisso Digital ya ven\u00eda desarrollando un ecosistema medi\u00e1tico compuesto por radio online, revista digital y producci\u00f3n period\u00edstica local. La Web TV se integra ahora como una nueva dimensi\u00f3n audiovisual de ese proyecto.<\/p>\n<p data-start=\"4929\" data-end=\"4981\">Una pantalla m\u00e1s.<br data-start=\"4946\" data-end=\"4949\" \/>Pero tambi\u00e9n una se\u00f1al cultural.<\/p>\n<hr data-start=\"4983\" data-end=\"4986\" \/>\n<h2 data-section-id=\"8njm3l\" data-start=\"4988\" data-end=\"5005\">Mirar otra vez<\/h2>\n<p data-start=\"5007\" data-end=\"5068\">Tal vez la pregunta m\u00e1s simple sea tambi\u00e9n la m\u00e1s importante.<\/p>\n<p data-start=\"5070\" data-end=\"5102\">\u00bfQu\u00e9 significa hoy mirar m\u00fasica?<\/p>\n<p data-start=\"5104\" data-end=\"5210\">Significa detenerse.<br data-start=\"5124\" data-end=\"5127\" \/>Significa escuchar.<br data-start=\"5146\" data-end=\"5149\" \/>Significa descubrir algo que un algoritmo todav\u00eda no sugiri\u00f3.<\/p>\n<p data-start=\"5212\" data-end=\"5346\">En un entorno dominado por la l\u00f3gica de la personalizaci\u00f3n autom\u00e1tica, la programaci\u00f3n vuelve a ser una forma de resistencia cultural.<\/p>\n<p data-start=\"5348\" data-end=\"5372\">No contra la tecnolog\u00eda.<\/p>\n<p data-start=\"5374\" data-end=\"5434\">Sino contra la reducci\u00f3n de la cultura a simple estad\u00edstica.<\/p>\n<hr data-start=\"5436\" data-end=\"5439\" \/>\n<p data-start=\"5441\" data-end=\"5484\"><strong data-start=\"5441\" data-end=\"5467\">Berisso Digital Web TV<\/strong> ya est\u00e1 al aire.<\/p>\n<p data-start=\"5486\" data-end=\"5556\">Una se\u00f1al musical y cultural que transmite las 24 horas desde Berisso.<\/p>\n<p data-start=\"5558\" data-end=\"5657\">En tiempos de algoritmos omnipresentes, volver a encender una se\u00f1al puede parecer un gesto peque\u00f1o.<\/p>\n<p data-start=\"5659\" data-end=\"5762\" data-is-last-node=\"\" data-is-only-node=\"\">Pero a veces los gestos peque\u00f1os son los que vuelven a abrir espacios culturales que parec\u00edan cerrados.<\/p>\n        <div class=\"booster-block booster-reactions-block\">\n            <div class=\"twp-reactions-icons\">\n                \n                <div class=\"twp-reacts-wrap\">\n                    <a react-data=\"be-react-1\" post-id=\"5113\" class=\"be-face-icons un-reacted\" href=\"javascript:void(0)\">\n                        <img decoding=\"async\" src=\"https:\/\/berissodigital.com\/wp\/wp-content\/plugins\/booster-extension\/\/assets\/icon\/happy.svg\" alt=\"Happy\">\n                    <\/a>\n                    <div class=\"twp-reaction-title\">\n                        Happy                    <\/div>\n                    <div class=\"twp-count-percent\">\n                                                    <span style=\"display: none;\" class=\"twp-react-count\">0<\/span>\n                        \n                                                <span class=\"twp-react-percent\"><span>0<\/span> %<\/span>\n                                            <\/div>\n                <\/div>\n\n                <div class=\"twp-reacts-wrap\">\n                    <a react-data=\"be-react-2\" post-id=\"5113\" class=\"be-face-icons un-reacted\" href=\"javascript:void(0)\">\n                        <img decoding=\"async\" src=\"https:\/\/berissodigital.com\/wp\/wp-content\/plugins\/booster-extension\/\/assets\/icon\/sad.svg\" alt=\"Sad\">\n                    <\/a>\n                    <div class=\"twp-reaction-title\">\n                        Sad                    <\/div>\n                    <div class=\"twp-count-percent\">\n                                                    <span style=\"display: none;\" class=\"twp-react-count\">0<\/span>\n                                                                        <span class=\"twp-react-percent\"><span>0<\/span> %<\/span>\n                                            <\/div>\n                <\/div>\n\n                <div class=\"twp-reacts-wrap\">\n                    <a react-data=\"be-react-3\" post-id=\"5113\" class=\"be-face-icons un-reacted\" href=\"javascript:void(0)\">\n                        <img decoding=\"async\" src=\"https:\/\/berissodigital.com\/wp\/wp-content\/plugins\/booster-extension\/\/assets\/icon\/excited.svg\" alt=\"Excited\">\n                    <\/a>\n                    <div class=\"twp-reaction-title\">\n                        Excited                    <\/div>\n                    <div class=\"twp-count-percent\">\n                                                    <span style=\"display: none;\" class=\"twp-react-count\">1<\/span>\n                                                                        <span class=\"twp-react-percent\"><span>100<\/span> %<\/span>\n                                            <\/div>\n                <\/div>\n\n                <div class=\"twp-reacts-wrap\">\n                    <a react-data=\"be-react-6\" post-id=\"5113\" class=\"be-face-icons un-reacted\" href=\"javascript:void(0)\">\n                        <img decoding=\"async\" src=\"https:\/\/berissodigital.com\/wp\/wp-content\/plugins\/booster-extension\/\/assets\/icon\/sleepy.svg\" alt=\"Sleepy\">\n                    <\/a>\n                    <div class=\"twp-reaction-title\">\n                        Sleepy                    <\/div>\n                    <div class=\"twp-count-percent\">\n                                                    <span style=\"display: none;\" class=\"twp-react-count\">0<\/span>\n                        \n                                                <span class=\"twp-react-percent\"><span>0<\/span> %<\/span>\n                                            <\/div>\n                <\/div>\n\n                <div class=\"twp-reacts-wrap\">\n                    <a react-data=\"be-react-4\" post-id=\"5113\" class=\"be-face-icons un-reacted\" href=\"javascript:void(0)\">\n                        <img decoding=\"async\" src=\"https:\/\/berissodigital.com\/wp\/wp-content\/plugins\/booster-extension\/\/assets\/icon\/angry.svg\" alt=\"Angry\">\n                    <\/a>\n                    <div class=\"twp-reaction-title\">Angry<\/div>\n                    <div class=\"twp-count-percent\">\n                                                    <span style=\"display: none;\" class=\"twp-react-count\">0<\/span>\n                                                                        <span class=\"twp-react-percent\"><span>0<\/span> %<\/span>\n                        \n                    <\/div>\n                <\/div>\n\n                <div class=\"twp-reacts-wrap\">\n                    <a react-data=\"be-react-5\" post-id=\"5113\" class=\"be-face-icons un-reacted\" href=\"javascript:void(0)\">\n                        <img decoding=\"async\" src=\"https:\/\/berissodigital.com\/wp\/wp-content\/plugins\/booster-extension\/\/assets\/icon\/surprise.svg\" alt=\"Surprise\">\n                    <\/a>\n                    <div class=\"twp-reaction-title\">Surprise<\/div>\n                    <div class=\"twp-count-percent\">\n                                                    <span style=\"display: none;\" class=\"twp-react-count\">0<\/span>\n                                                                        <span class=\"twp-react-percent\"><span>0<\/span> %<\/span>\n                                            <\/div>\n                <\/div>\n\n            <\/div>\n        <\/div>\n\n    ","protected":false},"excerpt":{"rendered":"<p>Durante d\u00e9cadas, la televisi\u00f3n musical fue algo m\u00e1s que entretenimiento. Fue una forma de mediaci\u00f3n cultural. Un espacio donde la m\u00fasica no aparec\u00eda aislada sino contextualizada, presentada, ordenada dentro de una programaci\u00f3n que reflejaba un criterio editorial. Ese modelo hoy parece lejano. En la actualidad, gran parte de la m\u00fasica circula dentro de plataformas gobernadas [&hellip;]<\/p>\n","protected":false},"author":1,"featured_media":5114,"comment_status":"open","ping_status":"open","sticky":false,"template":"","format":"standard","meta":{"_jetpack_memberships_contains_paid_content":false,"footnotes":"","jetpack_publicize_message":"","jetpack_publicize_feature_enabled":true,"jetpack_social_post_already_shared":true,"jetpack_social_options":{"image_generator_settings":{"template":"highway","default_image_id":0,"font":"","enabled":false},"version":2}},"categories":[325],"tags":[],"class_list":["post-5113","post","type-post","status-publish","format-standard","has-post-thumbnail","hentry","category-berisso-digital-web-t-v"],"yoast_head":"<!-- This site is optimized with the Yoast SEO plugin v26.8 - https:\/\/yoast.com\/product\/yoast-seo-wordpress\/ -->\n<title>Del algoritmo a la se\u00f1al: por qu\u00e9 volvemos a programar m\u00fasica - revista<\/title>\n<meta name=\"robots\" content=\"index, follow, max-snippet:-1, max-image-preview:large, max-video-preview:-1\" \/>\n<link rel=\"canonical\" href=\"https:\/\/berissodigital.com\/wp\/del-algoritmo-a-la-senal-por-que-volvemos-a-programar-musica\/\" \/>\n<meta property=\"og:locale\" content=\"es_ES\" \/>\n<meta property=\"og:type\" content=\"article\" \/>\n<meta property=\"og:title\" content=\"Del algoritmo a la se\u00f1al: por qu\u00e9 volvemos a programar m\u00fasica - revista\" \/>\n<meta property=\"og:description\" content=\"Durante d\u00e9cadas, la televisi\u00f3n musical fue algo m\u00e1s que entretenimiento. Fue una forma de mediaci\u00f3n cultural. Un espacio donde la m\u00fasica no aparec\u00eda aislada sino contextualizada, presentada, ordenada dentro de una programaci\u00f3n que reflejaba un criterio editorial. Ese modelo hoy parece lejano. En la actualidad, gran parte de la m\u00fasica circula dentro de plataformas gobernadas [&hellip;]\" \/>\n<meta property=\"og:url\" content=\"https:\/\/berissodigital.com\/wp\/del-algoritmo-a-la-senal-por-que-volvemos-a-programar-musica\/\" \/>\n<meta property=\"og:site_name\" content=\"revista\" \/>\n<meta property=\"article:publisher\" content=\"https:\/\/www.facebook.com\/Berisso-Digital-104530954687047\" \/>\n<meta property=\"article:author\" content=\"https:\/\/www.facebook.com\/BDberissodigital\/\" \/>\n<meta property=\"article:published_time\" content=\"2026-03-11T02:03:24+00:00\" \/>\n<meta property=\"og:image\" content=\"https:\/\/berissodigital.com\/wp\/wp-content\/uploads\/2026\/03\/webtv.jpg\" \/>\n\t<meta property=\"og:image:width\" content=\"1536\" \/>\n\t<meta property=\"og:image:height\" content=\"1024\" \/>\n\t<meta property=\"og:image:type\" content=\"image\/jpeg\" \/>\n<meta name=\"author\" content=\"Berisso Digital Magazine\" \/>\n<meta name=\"twitter:card\" content=\"summary_large_image\" \/>\n<meta name=\"twitter:label1\" content=\"Escrito por\" \/>\n\t<meta name=\"twitter:data1\" content=\"Berisso Digital Magazine\" \/>\n\t<meta name=\"twitter:label2\" content=\"Tiempo de lectura\" \/>\n\t<meta name=\"twitter:data2\" content=\"4 minutos\" \/>\n<script type=\"application\/ld+json\" class=\"yoast-schema-graph\">{\"@context\":\"https:\/\/schema.org\",\"@graph\":[{\"@type\":\"Article\",\"@id\":\"https:\/\/berissodigital.com\/wp\/del-algoritmo-a-la-senal-por-que-volvemos-a-programar-musica\/#article\",\"isPartOf\":{\"@id\":\"https:\/\/berissodigital.com\/wp\/del-algoritmo-a-la-senal-por-que-volvemos-a-programar-musica\/\"},\"author\":{\"name\":\"Berisso Digital Magazine\",\"@id\":\"https:\/\/berissodigital.com\/wp\/#\/schema\/person\/fa74d0d8f42d5814be9a189518b76388\"},\"headline\":\"Del algoritmo a la se\u00f1al: por qu\u00e9 volvemos a programar m\u00fasica\",\"datePublished\":\"2026-03-11T02:03:24+00:00\",\"mainEntityOfPage\":{\"@id\":\"https:\/\/berissodigital.com\/wp\/del-algoritmo-a-la-senal-por-que-volvemos-a-programar-musica\/\"},\"wordCount\":933,\"commentCount\":0,\"publisher\":{\"@id\":\"https:\/\/berissodigital.com\/wp\/#organization\"},\"image\":{\"@id\":\"https:\/\/berissodigital.com\/wp\/del-algoritmo-a-la-senal-por-que-volvemos-a-programar-musica\/#primaryimage\"},\"thumbnailUrl\":\"https:\/\/i0.wp.com\/berissodigital.com\/wp\/wp-content\/uploads\/2026\/03\/webtv.jpg?fit=1536%2C1024&ssl=1\",\"articleSection\":[\"Berisso Digital Web T.V.\"],\"inLanguage\":\"es-AR\",\"potentialAction\":[{\"@type\":\"CommentAction\",\"name\":\"Comment\",\"target\":[\"https:\/\/berissodigital.com\/wp\/del-algoritmo-a-la-senal-por-que-volvemos-a-programar-musica\/#respond\"]}]},{\"@type\":\"WebPage\",\"@id\":\"https:\/\/berissodigital.com\/wp\/del-algoritmo-a-la-senal-por-que-volvemos-a-programar-musica\/\",\"url\":\"https:\/\/berissodigital.com\/wp\/del-algoritmo-a-la-senal-por-que-volvemos-a-programar-musica\/\",\"name\":\"Del algoritmo a la se\u00f1al: por qu\u00e9 volvemos a programar m\u00fasica - revista\",\"isPartOf\":{\"@id\":\"https:\/\/berissodigital.com\/wp\/#website\"},\"primaryImageOfPage\":{\"@id\":\"https:\/\/berissodigital.com\/wp\/del-algoritmo-a-la-senal-por-que-volvemos-a-programar-musica\/#primaryimage\"},\"image\":{\"@id\":\"https:\/\/berissodigital.com\/wp\/del-algoritmo-a-la-senal-por-que-volvemos-a-programar-musica\/#primaryimage\"},\"thumbnailUrl\":\"https:\/\/i0.wp.com\/berissodigital.com\/wp\/wp-content\/uploads\/2026\/03\/webtv.jpg?fit=1536%2C1024&ssl=1\",\"datePublished\":\"2026-03-11T02:03:24+00:00\",\"breadcrumb\":{\"@id\":\"https:\/\/berissodigital.com\/wp\/del-algoritmo-a-la-senal-por-que-volvemos-a-programar-musica\/#breadcrumb\"},\"inLanguage\":\"es-AR\",\"potentialAction\":[{\"@type\":\"ReadAction\",\"target\":[\"https:\/\/berissodigital.com\/wp\/del-algoritmo-a-la-senal-por-que-volvemos-a-programar-musica\/\"]}]},{\"@type\":\"ImageObject\",\"inLanguage\":\"es-AR\",\"@id\":\"https:\/\/berissodigital.com\/wp\/del-algoritmo-a-la-senal-por-que-volvemos-a-programar-musica\/#primaryimage\",\"url\":\"https:\/\/i0.wp.com\/berissodigital.com\/wp\/wp-content\/uploads\/2026\/03\/webtv.jpg?fit=1536%2C1024&ssl=1\",\"contentUrl\":\"https:\/\/i0.wp.com\/berissodigital.com\/wp\/wp-content\/uploads\/2026\/03\/webtv.jpg?fit=1536%2C1024&ssl=1\",\"width\":1536,\"height\":1024},{\"@type\":\"BreadcrumbList\",\"@id\":\"https:\/\/berissodigital.com\/wp\/del-algoritmo-a-la-senal-por-que-volvemos-a-programar-musica\/#breadcrumb\",\"itemListElement\":[{\"@type\":\"ListItem\",\"position\":1,\"name\":\"Portada\",\"item\":\"https:\/\/berissodigital.com\/wp\/\"},{\"@type\":\"ListItem\",\"position\":2,\"name\":\"Del algoritmo a la se\u00f1al: por qu\u00e9 volvemos a programar m\u00fasica\"}]},{\"@type\":\"WebSite\",\"@id\":\"https:\/\/berissodigital.com\/wp\/#website\",\"url\":\"https:\/\/berissodigital.com\/wp\/\",\"name\":\"revista\",\"description\":\"BERISSO DIGITAL\",\"publisher\":{\"@id\":\"https:\/\/berissodigital.com\/wp\/#organization\"},\"potentialAction\":[{\"@type\":\"SearchAction\",\"target\":{\"@type\":\"EntryPoint\",\"urlTemplate\":\"https:\/\/berissodigital.com\/wp\/?s={search_term_string}\"},\"query-input\":{\"@type\":\"PropertyValueSpecification\",\"valueRequired\":true,\"valueName\":\"search_term_string\"}}],\"inLanguage\":\"es-AR\"},{\"@type\":\"Organization\",\"@id\":\"https:\/\/berissodigital.com\/wp\/#organization\",\"name\":\"revista\",\"url\":\"https:\/\/berissodigital.com\/wp\/\",\"logo\":{\"@type\":\"ImageObject\",\"inLanguage\":\"es-AR\",\"@id\":\"https:\/\/berissodigital.com\/wp\/#\/schema\/logo\/image\/\",\"url\":\"https:\/\/berissodigital.com\/wp\/wp-content\/uploads\/2021\/02\/cropped-Imagen4-1.jpg\",\"contentUrl\":\"https:\/\/berissodigital.com\/wp\/wp-content\/uploads\/2021\/02\/cropped-Imagen4-1.jpg\",\"width\":131,\"height\":141,\"caption\":\"revista\"},\"image\":{\"@id\":\"https:\/\/berissodigital.com\/wp\/#\/schema\/logo\/image\/\"},\"sameAs\":[\"https:\/\/www.facebook.com\/Berisso-Digital-104530954687047\"]},{\"@type\":\"Person\",\"@id\":\"https:\/\/berissodigital.com\/wp\/#\/schema\/person\/fa74d0d8f42d5814be9a189518b76388\",\"name\":\"Berisso Digital Magazine\",\"image\":{\"@type\":\"ImageObject\",\"inLanguage\":\"es-AR\",\"@id\":\"https:\/\/berissodigital.com\/wp\/#\/schema\/person\/image\/\",\"url\":\"https:\/\/secure.gravatar.com\/avatar\/7b10c64ea3b1dff9f923b5d6fbe9b19502c3d8a5ce7c144b6c039fb04339f45f?s=96&r=g\",\"contentUrl\":\"https:\/\/secure.gravatar.com\/avatar\/7b10c64ea3b1dff9f923b5d6fbe9b19502c3d8a5ce7c144b6c039fb04339f45f?s=96&r=g\",\"caption\":\"Berisso Digital Magazine\"},\"sameAs\":[\"https:\/\/berissodigital.com\/wp\",\"https:\/\/www.facebook.com\/BDberissodigital\/\",\"https:\/\/www.instagram.com\/berisso.digital\/\",\"https:\/\/www.youtube.com\/channel\/UCVI1_aW2q1tFtcdcF_3x-VA\",\"https:\/\/www.mixcloud.com\/dashboard\/my-tracks\/published\/\"],\"url\":\"https:\/\/berissodigital.com\/wp\/author\/cristian\/\"}]}<\/script>\n<!-- \/ Yoast SEO plugin. -->","yoast_head_json":{"title":"Del algoritmo a la se\u00f1al: por qu\u00e9 volvemos a programar m\u00fasica - revista","robots":{"index":"index","follow":"follow","max-snippet":"max-snippet:-1","max-image-preview":"max-image-preview:large","max-video-preview":"max-video-preview:-1"},"canonical":"https:\/\/berissodigital.com\/wp\/del-algoritmo-a-la-senal-por-que-volvemos-a-programar-musica\/","og_locale":"es_ES","og_type":"article","og_title":"Del algoritmo a la se\u00f1al: por qu\u00e9 volvemos a programar m\u00fasica - revista","og_description":"Durante d\u00e9cadas, la televisi\u00f3n musical fue algo m\u00e1s que entretenimiento. Fue una forma de mediaci\u00f3n cultural. Un espacio donde la m\u00fasica no aparec\u00eda aislada sino contextualizada, presentada, ordenada dentro de una programaci\u00f3n que reflejaba un criterio editorial. Ese modelo hoy parece lejano. En la actualidad, gran parte de la m\u00fasica circula dentro de plataformas gobernadas [&hellip;]","og_url":"https:\/\/berissodigital.com\/wp\/del-algoritmo-a-la-senal-por-que-volvemos-a-programar-musica\/","og_site_name":"revista","article_publisher":"https:\/\/www.facebook.com\/Berisso-Digital-104530954687047","article_author":"https:\/\/www.facebook.com\/BDberissodigital\/","article_published_time":"2026-03-11T02:03:24+00:00","og_image":[{"width":1536,"height":1024,"url":"https:\/\/berissodigital.com\/wp\/wp-content\/uploads\/2026\/03\/webtv.jpg","type":"image\/jpeg"}],"author":"Berisso Digital Magazine","twitter_card":"summary_large_image","twitter_misc":{"Escrito por":"Berisso Digital Magazine","Tiempo de lectura":"4 minutos"},"schema":{"@context":"https:\/\/schema.org","@graph":[{"@type":"Article","@id":"https:\/\/berissodigital.com\/wp\/del-algoritmo-a-la-senal-por-que-volvemos-a-programar-musica\/#article","isPartOf":{"@id":"https:\/\/berissodigital.com\/wp\/del-algoritmo-a-la-senal-por-que-volvemos-a-programar-musica\/"},"author":{"name":"Berisso Digital Magazine","@id":"https:\/\/berissodigital.com\/wp\/#\/schema\/person\/fa74d0d8f42d5814be9a189518b76388"},"headline":"Del algoritmo a la se\u00f1al: por qu\u00e9 volvemos a programar m\u00fasica","datePublished":"2026-03-11T02:03:24+00:00","mainEntityOfPage":{"@id":"https:\/\/berissodigital.com\/wp\/del-algoritmo-a-la-senal-por-que-volvemos-a-programar-musica\/"},"wordCount":933,"commentCount":0,"publisher":{"@id":"https:\/\/berissodigital.com\/wp\/#organization"},"image":{"@id":"https:\/\/berissodigital.com\/wp\/del-algoritmo-a-la-senal-por-que-volvemos-a-programar-musica\/#primaryimage"},"thumbnailUrl":"https:\/\/i0.wp.com\/berissodigital.com\/wp\/wp-content\/uploads\/2026\/03\/webtv.jpg?fit=1536%2C1024&ssl=1","articleSection":["Berisso Digital Web T.V."],"inLanguage":"es-AR","potentialAction":[{"@type":"CommentAction","name":"Comment","target":["https:\/\/berissodigital.com\/wp\/del-algoritmo-a-la-senal-por-que-volvemos-a-programar-musica\/#respond"]}]},{"@type":"WebPage","@id":"https:\/\/berissodigital.com\/wp\/del-algoritmo-a-la-senal-por-que-volvemos-a-programar-musica\/","url":"https:\/\/berissodigital.com\/wp\/del-algoritmo-a-la-senal-por-que-volvemos-a-programar-musica\/","name":"Del algoritmo a la se\u00f1al: por qu\u00e9 volvemos a programar m\u00fasica - revista","isPartOf":{"@id":"https:\/\/berissodigital.com\/wp\/#website"},"primaryImageOfPage":{"@id":"https:\/\/berissodigital.com\/wp\/del-algoritmo-a-la-senal-por-que-volvemos-a-programar-musica\/#primaryimage"},"image":{"@id":"https:\/\/berissodigital.com\/wp\/del-algoritmo-a-la-senal-por-que-volvemos-a-programar-musica\/#primaryimage"},"thumbnailUrl":"https:\/\/i0.wp.com\/berissodigital.com\/wp\/wp-content\/uploads\/2026\/03\/webtv.jpg?fit=1536%2C1024&ssl=1","datePublished":"2026-03-11T02:03:24+00:00","breadcrumb":{"@id":"https:\/\/berissodigital.com\/wp\/del-algoritmo-a-la-senal-por-que-volvemos-a-programar-musica\/#breadcrumb"},"inLanguage":"es-AR","potentialAction":[{"@type":"ReadAction","target":["https:\/\/berissodigital.com\/wp\/del-algoritmo-a-la-senal-por-que-volvemos-a-programar-musica\/"]}]},{"@type":"ImageObject","inLanguage":"es-AR","@id":"https:\/\/berissodigital.com\/wp\/del-algoritmo-a-la-senal-por-que-volvemos-a-programar-musica\/#primaryimage","url":"https:\/\/i0.wp.com\/berissodigital.com\/wp\/wp-content\/uploads\/2026\/03\/webtv.jpg?fit=1536%2C1024&ssl=1","contentUrl":"https:\/\/i0.wp.com\/berissodigital.com\/wp\/wp-content\/uploads\/2026\/03\/webtv.jpg?fit=1536%2C1024&ssl=1","width":1536,"height":1024},{"@type":"BreadcrumbList","@id":"https:\/\/berissodigital.com\/wp\/del-algoritmo-a-la-senal-por-que-volvemos-a-programar-musica\/#breadcrumb","itemListElement":[{"@type":"ListItem","position":1,"name":"Portada","item":"https:\/\/berissodigital.com\/wp\/"},{"@type":"ListItem","position":2,"name":"Del algoritmo a la se\u00f1al: por qu\u00e9 volvemos a programar m\u00fasica"}]},{"@type":"WebSite","@id":"https:\/\/berissodigital.com\/wp\/#website","url":"https:\/\/berissodigital.com\/wp\/","name":"revista","description":"BERISSO DIGITAL","publisher":{"@id":"https:\/\/berissodigital.com\/wp\/#organization"},"potentialAction":[{"@type":"SearchAction","target":{"@type":"EntryPoint","urlTemplate":"https:\/\/berissodigital.com\/wp\/?s={search_term_string}"},"query-input":{"@type":"PropertyValueSpecification","valueRequired":true,"valueName":"search_term_string"}}],"inLanguage":"es-AR"},{"@type":"Organization","@id":"https:\/\/berissodigital.com\/wp\/#organization","name":"revista","url":"https:\/\/berissodigital.com\/wp\/","logo":{"@type":"ImageObject","inLanguage":"es-AR","@id":"https:\/\/berissodigital.com\/wp\/#\/schema\/logo\/image\/","url":"https:\/\/berissodigital.com\/wp\/wp-content\/uploads\/2021\/02\/cropped-Imagen4-1.jpg","contentUrl":"https:\/\/berissodigital.com\/wp\/wp-content\/uploads\/2021\/02\/cropped-Imagen4-1.jpg","width":131,"height":141,"caption":"revista"},"image":{"@id":"https:\/\/berissodigital.com\/wp\/#\/schema\/logo\/image\/"},"sameAs":["https:\/\/www.facebook.com\/Berisso-Digital-104530954687047"]},{"@type":"Person","@id":"https:\/\/berissodigital.com\/wp\/#\/schema\/person\/fa74d0d8f42d5814be9a189518b76388","name":"Berisso Digital Magazine","image":{"@type":"ImageObject","inLanguage":"es-AR","@id":"https:\/\/berissodigital.com\/wp\/#\/schema\/person\/image\/","url":"https:\/\/secure.gravatar.com\/avatar\/7b10c64ea3b1dff9f923b5d6fbe9b19502c3d8a5ce7c144b6c039fb04339f45f?s=96&r=g","contentUrl":"https:\/\/secure.gravatar.com\/avatar\/7b10c64ea3b1dff9f923b5d6fbe9b19502c3d8a5ce7c144b6c039fb04339f45f?s=96&r=g","caption":"Berisso Digital Magazine"},"sameAs":["https:\/\/berissodigital.com\/wp","https:\/\/www.facebook.com\/BDberissodigital\/","https:\/\/www.instagram.com\/berisso.digital\/","https:\/\/www.youtube.com\/channel\/UCVI1_aW2q1tFtcdcF_3x-VA","https:\/\/www.mixcloud.com\/dashboard\/my-tracks\/published\/"],"url":"https:\/\/berissodigital.com\/wp\/author\/cristian\/"}]}},"jetpack_publicize_connections":[],"jetpack_featured_media_url":"https:\/\/i0.wp.com\/berissodigital.com\/wp\/wp-content\/uploads\/2026\/03\/webtv.jpg?fit=1536%2C1024&ssl=1","jetpack_sharing_enabled":true,"_links":{"self":[{"href":"https:\/\/berissodigital.com\/wp\/wp-json\/wp\/v2\/posts\/5113","targetHints":{"allow":["GET"]}}],"collection":[{"href":"https:\/\/berissodigital.com\/wp\/wp-json\/wp\/v2\/posts"}],"about":[{"href":"https:\/\/berissodigital.com\/wp\/wp-json\/wp\/v2\/types\/post"}],"author":[{"embeddable":true,"href":"https:\/\/berissodigital.com\/wp\/wp-json\/wp\/v2\/users\/1"}],"replies":[{"embeddable":true,"href":"https:\/\/berissodigital.com\/wp\/wp-json\/wp\/v2\/comments?post=5113"}],"version-history":[{"count":1,"href":"https:\/\/berissodigital.com\/wp\/wp-json\/wp\/v2\/posts\/5113\/revisions"}],"predecessor-version":[{"id":5115,"href":"https:\/\/berissodigital.com\/wp\/wp-json\/wp\/v2\/posts\/5113\/revisions\/5115"}],"wp:featuredmedia":[{"embeddable":true,"href":"https:\/\/berissodigital.com\/wp\/wp-json\/wp\/v2\/media\/5114"}],"wp:attachment":[{"href":"https:\/\/berissodigital.com\/wp\/wp-json\/wp\/v2\/media?parent=5113"}],"wp:term":[{"taxonomy":"category","embeddable":true,"href":"https:\/\/berissodigital.com\/wp\/wp-json\/wp\/v2\/categories?post=5113"},{"taxonomy":"post_tag","embeddable":true,"href":"https:\/\/berissodigital.com\/wp\/wp-json\/wp\/v2\/tags?post=5113"}],"curies":[{"name":"wp","href":"https:\/\/api.w.org\/{rel}","templated":true}]}}