{"id":5050,"date":"2026-01-21T19:25:47","date_gmt":"2026-01-21T22:25:47","guid":{"rendered":"https:\/\/berissodigital.com\/wp\/?p=5050"},"modified":"2026-01-21T19:25:49","modified_gmt":"2026-01-21T22:25:49","slug":"la-gran-duda-berisso-capital-provincial-o-nacional-del-inmigrante-que-paso","status":"publish","type":"post","link":"https:\/\/berissodigital.com\/wp\/la-gran-duda-berisso-capital-provincial-o-nacional-del-inmigrante-que-paso\/","title":{"rendered":"La gran duda: Berisso capital provincial o nacional del inmigrante? que paso?"},"content":{"rendered":"<div class='booster-block booster-read-block'>\n                <div class=\"twp-read-time\">\n                \t<i class=\"booster-icon twp-clock\"><\/i> <span>Read Time:<\/span>2 Minute, 14 Second                <\/div>\n\n            <\/div><p data-start=\"0\" data-end=\"241\">La raz\u00f3n por la cual <strong data-start=\"21\" data-end=\"115\">Berisso dej\u00f3 de tener la \u201cFiesta Nacional del Inmigrante\u201d y pas\u00f3 a ser \u201cFiesta Provincial\u201d<\/strong> no tiene que ver con una p\u00e9rdida simb\u00f3lica o cultural, sino con <strong data-start=\"180\" data-end=\"240\">cuestiones administrativas, legales y de gesti\u00f3n estatal<\/strong>.<\/p>\n<p data-start=\"243\" data-end=\"337\">En s\u00edntesis: <strong data-start=\"256\" data-end=\"336\">no se pudo (o no se quiso) sostener el estatus nacional en t\u00e9rminos formales<\/strong>.<\/p>\n<hr data-start=\"339\" data-end=\"342\" \/>\n<h2 data-start=\"344\" data-end=\"407\">\u00bfQu\u00e9 significa realmente ser \u201cFiesta Nacional\u201d en Argentina?<\/h2>\n<p data-start=\"409\" data-end=\"468\">Para que un evento sea oficialmente <em data-start=\"445\" data-end=\"462\">Fiesta Nacional<\/em> debe:<\/p>\n<ol data-start=\"470\" data-end=\"808\">\n<li data-start=\"470\" data-end=\"533\">\n<p data-start=\"473\" data-end=\"533\">Estar declarado por <strong data-start=\"493\" data-end=\"532\">ley o decreto del Congreso Nacional<\/strong>.<\/p>\n<\/li>\n<li data-start=\"534\" data-end=\"728\">\n<p data-start=\"537\" data-end=\"586\">Tener un <strong data-start=\"546\" data-end=\"571\">organismo responsable<\/strong> que garantice:<\/p>\n<ul data-start=\"590\" data-end=\"728\">\n<li data-start=\"590\" data-end=\"610\">\n<p data-start=\"592\" data-end=\"610\">Continuidad anual.<\/p>\n<\/li>\n<li data-start=\"614\" data-end=\"635\">\n<p data-start=\"616\" data-end=\"635\">Presupuesto m\u00ednimo.<\/p>\n<\/li>\n<li data-start=\"639\" data-end=\"662\">\n<p data-start=\"641\" data-end=\"662\">Rendici\u00f3n de cuentas.<\/p>\n<\/li>\n<li data-start=\"666\" data-end=\"728\">\n<p data-start=\"668\" data-end=\"728\">Articulaci\u00f3n con el Ministerio de Turismo\/Cultura de Naci\u00f3n.<\/p>\n<\/li>\n<\/ul>\n<\/li>\n<li data-start=\"729\" data-end=\"808\">\n<p data-start=\"732\" data-end=\"808\">Cumplir con ciertos est\u00e1ndares de organizaci\u00f3n, promoci\u00f3n y alcance federal.<\/p>\n<\/li>\n<\/ol>\n<p data-start=\"810\" data-end=\"884\">No es solo un t\u00edtulo honor\u00edfico: <strong data-start=\"843\" data-end=\"883\">implica obligaciones institucionales<\/strong>.<\/p>\n<hr data-start=\"886\" data-end=\"889\" \/>\n<h2 data-start=\"891\" data-end=\"916\">\u00bfQu\u00e9 pas\u00f3 con Berisso?<\/h2>\n<p data-start=\"918\" data-end=\"1095\">Hist\u00f3ricamente, la Fiesta del Inmigrante en Berisso fue <strong data-start=\"974\" data-end=\"997\">la primera del pa\u00eds<\/strong> y tuvo estatus nacional durante d\u00e9cadas. Pero con el tiempo ocurrieron varias cosas (combinadas):<\/p>\n<h3 data-start=\"1097\" data-end=\"1140\">1. Falta de sostenimiento institucional<\/h3>\n<p data-start=\"1141\" data-end=\"1172\">No se mantuvo de forma estable:<\/p>\n<ul data-start=\"1173\" data-end=\"1274\">\n<li data-start=\"1173\" data-end=\"1204\">\n<p data-start=\"1175\" data-end=\"1204\">Un ente nacional responsable.<\/p>\n<\/li>\n<li data-start=\"1205\" data-end=\"1241\">\n<p data-start=\"1207\" data-end=\"1241\">Un financiamiento federal regular.<\/p>\n<\/li>\n<li data-start=\"1242\" data-end=\"1274\">\n<p data-start=\"1244\" data-end=\"1274\">Un marco jur\u00eddico actualizado.<\/p>\n<\/li>\n<\/ul>\n<p data-start=\"1276\" data-end=\"1361\">En t\u00e9rminos t\u00e9cnicos: <strong data-start=\"1298\" data-end=\"1360\">la Naci\u00f3n dej\u00f3 de tener injerencia real en la organizaci\u00f3n<\/strong>.<\/p>\n<hr data-start=\"1363\" data-end=\"1366\" \/>\n<h3 data-start=\"1368\" data-end=\"1409\">2. Reordenamiento del Estado nacional<\/h3>\n<p data-start=\"1410\" data-end=\"1465\">Desde los a\u00f1os 90 en adelante (y sobre todo 2000\u20132010):<\/p>\n<ul data-start=\"1466\" data-end=\"1660\">\n<li data-start=\"1466\" data-end=\"1523\">\n<p data-start=\"1468\" data-end=\"1523\">Muchas fiestas \u201cnacionales\u201d quedaron en un limbo legal.<\/p>\n<\/li>\n<li data-start=\"1524\" data-end=\"1591\">\n<p data-start=\"1526\" data-end=\"1591\">El Estado nacional fue <strong data-start=\"1549\" data-end=\"1569\">descentralizando<\/strong> este tipo de eventos.<\/p>\n<\/li>\n<li data-start=\"1592\" data-end=\"1660\">\n<p data-start=\"1594\" data-end=\"1660\">Varias fiestas pasaron a depender solo de provincias o municipios.<\/p>\n<\/li>\n<\/ul>\n<p data-start=\"1662\" data-end=\"1735\">Berisso no fue la \u00fanica: pas\u00f3 lo mismo con decenas de fiestas en el pa\u00eds.<\/p>\n<hr data-start=\"1737\" data-end=\"1740\" \/>\n<h3 data-start=\"1742\" data-end=\"1785\">3. La Provincia tom\u00f3 el respaldo formal<\/h3>\n<p data-start=\"1786\" data-end=\"1854\">Para no perder reconocimiento oficial, la Provincia de Buenos Aires:<\/p>\n<ul data-start=\"1855\" data-end=\"1999\">\n<li data-start=\"1855\" data-end=\"1907\">\n<p data-start=\"1857\" data-end=\"1907\">La <strong data-start=\"1860\" data-end=\"1906\">redeclara Fiesta Provincial del Inmigrante<\/strong>.<\/p>\n<\/li>\n<li data-start=\"1908\" data-end=\"1958\">\n<p data-start=\"1910\" data-end=\"1958\">La incorpora al calendario tur\u00edstico bonaerense.<\/p>\n<\/li>\n<li data-start=\"1959\" data-end=\"1999\">\n<p data-start=\"1961\" data-end=\"1999\">Asegura un marco legal real y vigente.<\/p>\n<\/li>\n<\/ul>\n<p data-start=\"2001\" data-end=\"2078\">O sea: <strong data-start=\"2008\" data-end=\"2077\">se baj\u00f3 un escal\u00f3n en jerarqu\u00eda, pero se salv\u00f3 institucionalmente<\/strong>.<\/p>\n<hr data-start=\"2080\" data-end=\"2083\" \/>\n<h2 data-start=\"2085\" data-end=\"2127\">La paradoja berissense (muy berissense)<\/h2>\n<p data-start=\"2129\" data-end=\"2147\">Lo ir\u00f3nico es que:<\/p>\n<blockquote data-start=\"2149\" data-end=\"2273\">\n<p data-start=\"2151\" data-end=\"2273\"><strong data-start=\"2151\" data-end=\"2226\">Berisso sigue teniendo la fiesta de inmigrantes m\u00e1s importante del pa\u00eds<\/strong>,<br data-start=\"2227\" data-end=\"2230\" \/>pero ya no tiene el t\u00edtulo de \u201cNacional\u201d.<\/p>\n<\/blockquote>\n<p data-start=\"2275\" data-end=\"2303\">Es un caso t\u00edpico argentino:<\/p>\n<ul data-start=\"2304\" data-end=\"2449\">\n<li data-start=\"2304\" data-end=\"2367\">\n<p data-start=\"2306\" data-end=\"2367\">Culturalmente: sigue siendo nacional (y hasta internacional).<\/p>\n<\/li>\n<li data-start=\"2368\" data-end=\"2399\">\n<p data-start=\"2370\" data-end=\"2399\">Jur\u00eddicamente: es provincial.<\/p>\n<\/li>\n<li data-start=\"2400\" data-end=\"2449\">\n<p data-start=\"2402\" data-end=\"2449\">Simb\u00f3licamente: sigue siendo \u201cla fiesta madre\u201d.<\/p>\n<\/li>\n<\/ul>\n<hr data-start=\"2451\" data-end=\"2454\" \/>\n<h2 data-start=\"2456\" data-end=\"2508\">La explicaci\u00f3n en una sola frase<\/h2>\n<blockquote>\n<p data-start=\"2554\" data-end=\"2741\"><em data-start=\"2554\" data-end=\"2741\">Berisso dej\u00f3 de ser Fiesta Nacional del Inmigrante no por falta de historia ni de inmigrantes, sino por falta de Estado nacional que se hiciera cargo de sostener lo que hab\u00eda declarado.<\/em><\/p>\n<p data-start=\"2759\" data-end=\"2846\"><em data-start=\"2759\" data-end=\"2846\">La Naci\u00f3n nos dio el t\u00edtulo, se sac\u00f3 la foto, y despu\u00e9s se olvid\u00f3 de pagar la cuenta.<\/em><\/p>\n<\/blockquote>\n<hr data-start=\"2848\" data-end=\"2851\" \/>\n<h2 data-start=\"2853\" data-end=\"2897\">\u00bfSe podr\u00eda recuperar el estatus nacional?<\/h2>\n<p data-start=\"2899\" data-end=\"2932\">S\u00ed, perfectamente. Pero requiere:<\/p>\n<ul data-start=\"2934\" data-end=\"3108\">\n<li data-start=\"2934\" data-end=\"2967\">\n<p data-start=\"2936\" data-end=\"2967\">Proyecto de ley en el Congreso.<\/p>\n<\/li>\n<li data-start=\"2968\" data-end=\"2990\">\n<p data-start=\"2970\" data-end=\"2990\">Lobby pol\u00edtico real.<\/p>\n<\/li>\n<li data-start=\"2991\" data-end=\"3030\">\n<p data-start=\"2993\" data-end=\"3030\">Ente organizador con respaldo formal.<\/p>\n<\/li>\n<li data-start=\"3031\" data-end=\"3064\">\n<p data-start=\"3033\" data-end=\"3064\">Presupuesto m\u00ednimo garantizado.<\/p>\n<\/li>\n<li data-start=\"3065\" data-end=\"3108\">\n<p data-start=\"3067\" data-end=\"3108\">Voluntad pol\u00edtica (que es lo m\u00e1s escaso).<\/p>\n<\/li>\n<\/ul>\n<p data-start=\"3110\" data-end=\"3176\">No es un problema cultural.<br data-start=\"3137\" data-end=\"3140\" \/>Es <strong data-start=\"3143\" data-end=\"3175\">100% pol\u00edtico-administrativo<\/strong>.<\/p>\n<p data-start=\"3178\" data-end=\"3199\" data-is-last-node=\"\" data-is-only-node=\"\">Y muy argentino. \ud83c\udde6\ud83c\uddf7<\/p>\n<div id=\"wpfp_10\" data-item=\"{&quot;sources&quot;:[{&quot;src&quot;:&quot;http:\\\/\\\/youtube.com\\\/watch?v=Q6p6K0TkwqQ&quot;,&quot;type&quot;:&quot;video\\\/youtube&quot;}],&quot;id&quot;:&quot;10&quot;,&quot;splash&quot;:&quot;https:\\\/\\\/i.ytimg.com\\\/vi\\\/Q6p6K0TkwqQ\\\/maxresdefault.jpg#auto&quot;}\" class=\"freedomplayer flowplayer no-brand is-splash is-paused skin-slim no-svg fp-slim fp-edgy is-youtube is-youtube-standard\" style=\"position:relative; max-width: 1280px; max-height: 720px; \" data-ratio=\"0.5625\" data-player-id=\"10\" data-engine=\"fvyoutube\">\n\t<div class=\"fp-ratio\" style=\"padding-top: 56.25%\"><\/div>\n\t<img data-recalc-dims=\"1\" decoding=\"async\" style=\"position:absolute;top:0;left:0;width:100%\" class=\"fp-splash\" alt=\"video\" src=\"https:\/\/i0.wp.com\/i.ytimg.com\/vi\/Q6p6K0TkwqQ\/maxresdefault.jpg?w=1140&#038;ssl=1\" \/>\n\t<div class=\"fp-ui\" style=\"position:absolute\"><noscript>Please enable JavaScript<\/noscript><div class=\"fp-play fp-visible\"><svg class=\"fp-play-sharp-fill\" xmlns=\"http:\/\/www.w3.org\/2000\/svg\" viewBox=\"0 0 100 100\"><defs><style>.fp-color-play{opacity:0.65;}.controlbutton{fill:#fff;}<\/style><\/defs><title>play-sharp-fill<\/title><path class=\"fp-color-play\" d=\"M49.9217-.078a50,50,0,1,0,50,50A50.0564,50.0564,0,0,0,49.9217-.078Z\"\/><polygon class=\"controlbutton\" points=\"73.601 50 37.968 70.573 37.968 29.427 73.601 50\" filter=\"url(#f1)\"\/><\/svg><\/div><div class=\"fp-preload\"><b><\/b><b><\/b><b><\/b><b><\/b><\/div><\/div>\n\n<\/div>\n\n        <div class=\"booster-block booster-reactions-block\">\n            <div class=\"twp-reactions-icons\">\n                \n                <div class=\"twp-reacts-wrap\">\n                    <a react-data=\"be-react-1\" post-id=\"5050\" class=\"be-face-icons un-reacted\" href=\"javascript:void(0)\">\n                        <img decoding=\"async\" src=\"https:\/\/berissodigital.com\/wp\/wp-content\/plugins\/booster-extension\/\/assets\/icon\/happy.svg\" alt=\"Happy\">\n                    <\/a>\n                    <div class=\"twp-reaction-title\">\n                        Happy                    <\/div>\n                    <div class=\"twp-count-percent\">\n                                                    <span style=\"display: none;\" class=\"twp-react-count\">0<\/span>\n                        \n                                                <span class=\"twp-react-percent\"><span>0<\/span> %<\/span>\n                                            <\/div>\n                <\/div>\n\n                <div class=\"twp-reacts-wrap\">\n                    <a react-data=\"be-react-2\" post-id=\"5050\" class=\"be-face-icons un-reacted\" href=\"javascript:void(0)\">\n                        <img decoding=\"async\" src=\"https:\/\/berissodigital.com\/wp\/wp-content\/plugins\/booster-extension\/\/assets\/icon\/sad.svg\" alt=\"Sad\">\n                    <\/a>\n                    <div class=\"twp-reaction-title\">\n                        Sad                    <\/div>\n                    <div class=\"twp-count-percent\">\n                                                    <span style=\"display: none;\" class=\"twp-react-count\">0<\/span>\n                                                                        <span class=\"twp-react-percent\"><span>0<\/span> %<\/span>\n                                            <\/div>\n                <\/div>\n\n                <div class=\"twp-reacts-wrap\">\n                    <a react-data=\"be-react-3\" post-id=\"5050\" class=\"be-face-icons un-reacted\" href=\"javascript:void(0)\">\n                        <img decoding=\"async\" src=\"https:\/\/berissodigital.com\/wp\/wp-content\/plugins\/booster-extension\/\/assets\/icon\/excited.svg\" alt=\"Excited\">\n                    <\/a>\n                    <div class=\"twp-reaction-title\">\n                        Excited                    <\/div>\n                    <div class=\"twp-count-percent\">\n                                                    <span style=\"display: none;\" class=\"twp-react-count\">1<\/span>\n                                                                        <span class=\"twp-react-percent\"><span>100<\/span> %<\/span>\n                                            <\/div>\n                <\/div>\n\n                <div class=\"twp-reacts-wrap\">\n                    <a react-data=\"be-react-6\" post-id=\"5050\" class=\"be-face-icons un-reacted\" href=\"javascript:void(0)\">\n                        <img decoding=\"async\" src=\"https:\/\/berissodigital.com\/wp\/wp-content\/plugins\/booster-extension\/\/assets\/icon\/sleepy.svg\" alt=\"Sleepy\">\n                    <\/a>\n                    <div class=\"twp-reaction-title\">\n                        Sleepy                    <\/div>\n                    <div class=\"twp-count-percent\">\n                                                    <span style=\"display: none;\" class=\"twp-react-count\">0<\/span>\n                        \n                                                <span class=\"twp-react-percent\"><span>0<\/span> %<\/span>\n                                            <\/div>\n                <\/div>\n\n                <div class=\"twp-reacts-wrap\">\n                    <a react-data=\"be-react-4\" post-id=\"5050\" class=\"be-face-icons un-reacted\" href=\"javascript:void(0)\">\n                        <img decoding=\"async\" src=\"https:\/\/berissodigital.com\/wp\/wp-content\/plugins\/booster-extension\/\/assets\/icon\/angry.svg\" alt=\"Angry\">\n                    <\/a>\n                    <div class=\"twp-reaction-title\">Angry<\/div>\n                    <div class=\"twp-count-percent\">\n                                                    <span style=\"display: none;\" class=\"twp-react-count\">0<\/span>\n                                                                        <span class=\"twp-react-percent\"><span>0<\/span> %<\/span>\n                        \n                    <\/div>\n                <\/div>\n\n                <div class=\"twp-reacts-wrap\">\n                    <a react-data=\"be-react-5\" post-id=\"5050\" class=\"be-face-icons un-reacted\" href=\"javascript:void(0)\">\n                        <img decoding=\"async\" src=\"https:\/\/berissodigital.com\/wp\/wp-content\/plugins\/booster-extension\/\/assets\/icon\/surprise.svg\" alt=\"Surprise\">\n                    <\/a>\n                    <div class=\"twp-reaction-title\">Surprise<\/div>\n                    <div class=\"twp-count-percent\">\n                                                    <span style=\"display: none;\" class=\"twp-react-count\">0<\/span>\n                                                                        <span class=\"twp-react-percent\"><span>0<\/span> %<\/span>\n                                            <\/div>\n                <\/div>\n\n            <\/div>\n        <\/div>\n\n    ","protected":false},"excerpt":{"rendered":"<p>La raz\u00f3n por la cual Berisso dej\u00f3 de tener la \u201cFiesta Nacional del Inmigrante\u201d y pas\u00f3 a ser \u201cFiesta Provincial\u201d no tiene que ver con una p\u00e9rdida simb\u00f3lica o cultural, sino con cuestiones administrativas, legales y de gesti\u00f3n estatal. En s\u00edntesis: no se pudo (o no se quiso) sostener el estatus nacional en t\u00e9rminos formales. [&hellip;]<\/p>\n","protected":false},"author":1,"featured_media":5051,"comment_status":"open","ping_status":"open","sticky":false,"template":"","format":"standard","meta":{"_jetpack_memberships_contains_paid_content":false,"footnotes":"","jetpack_publicize_message":"","jetpack_publicize_feature_enabled":true,"jetpack_social_post_already_shared":true,"jetpack_social_options":{"image_generator_settings":{"template":"highway","default_image_id":0,"font":"","enabled":false},"version":2}},"categories":[59,58],"tags":[],"class_list":["post-5050","post","type-post","status-publish","format-standard","has-post-thumbnail","hentry","category-historia","category-investigacion"],"yoast_head":"<!-- This site is optimized with the Yoast SEO plugin v26.8 - https:\/\/yoast.com\/product\/yoast-seo-wordpress\/ -->\n<title>La gran duda: Berisso capital provincial o nacional del inmigrante? que paso? - revista<\/title>\n<meta name=\"robots\" content=\"index, follow, max-snippet:-1, max-image-preview:large, max-video-preview:-1\" \/>\n<link rel=\"canonical\" href=\"https:\/\/berissodigital.com\/wp\/la-gran-duda-berisso-capital-provincial-o-nacional-del-inmigrante-que-paso\/\" \/>\n<meta property=\"og:locale\" content=\"es_ES\" \/>\n<meta property=\"og:type\" content=\"article\" \/>\n<meta property=\"og:title\" content=\"La gran duda: Berisso capital provincial o nacional del inmigrante? que paso? - revista\" \/>\n<meta property=\"og:description\" content=\"La raz\u00f3n por la cual Berisso dej\u00f3 de tener la \u201cFiesta Nacional del Inmigrante\u201d y pas\u00f3 a ser \u201cFiesta Provincial\u201d no tiene que ver con una p\u00e9rdida simb\u00f3lica o cultural, sino con cuestiones administrativas, legales y de gesti\u00f3n estatal. En s\u00edntesis: no se pudo (o no se quiso) sostener el estatus nacional en t\u00e9rminos formales. [&hellip;]\" \/>\n<meta property=\"og:url\" content=\"https:\/\/berissodigital.com\/wp\/la-gran-duda-berisso-capital-provincial-o-nacional-del-inmigrante-que-paso\/\" \/>\n<meta property=\"og:site_name\" content=\"revista\" \/>\n<meta property=\"article:publisher\" content=\"https:\/\/www.facebook.com\/Berisso-Digital-104530954687047\" \/>\n<meta property=\"article:author\" content=\"https:\/\/www.facebook.com\/BDberissodigital\/\" \/>\n<meta property=\"article:published_time\" content=\"2026-01-21T22:25:47+00:00\" \/>\n<meta property=\"article:modified_time\" content=\"2026-01-21T22:25:49+00:00\" \/>\n<meta property=\"og:image\" content=\"https:\/\/berissodigital.com\/wp\/wp-content\/uploads\/2026\/01\/desembarco_simbolico.jpg\" \/>\n\t<meta property=\"og:image:width\" content=\"600\" \/>\n\t<meta property=\"og:image:height\" content=\"400\" \/>\n\t<meta property=\"og:image:type\" content=\"image\/jpeg\" \/>\n<meta name=\"author\" content=\"Berisso Digital Magazine\" \/>\n<meta name=\"twitter:card\" content=\"summary_large_image\" \/>\n<meta name=\"twitter:label1\" content=\"Escrito por\" \/>\n\t<meta name=\"twitter:data1\" content=\"Berisso Digital Magazine\" \/>\n\t<meta name=\"twitter:label2\" content=\"Tiempo de lectura\" \/>\n\t<meta name=\"twitter:data2\" content=\"3 minutos\" \/>\n<script type=\"application\/ld+json\" class=\"yoast-schema-graph\">{\"@context\":\"https:\/\/schema.org\",\"@graph\":[{\"@type\":\"Article\",\"@id\":\"https:\/\/berissodigital.com\/wp\/la-gran-duda-berisso-capital-provincial-o-nacional-del-inmigrante-que-paso\/#article\",\"isPartOf\":{\"@id\":\"https:\/\/berissodigital.com\/wp\/la-gran-duda-berisso-capital-provincial-o-nacional-del-inmigrante-que-paso\/\"},\"author\":{\"name\":\"Berisso Digital Magazine\",\"@id\":\"https:\/\/berissodigital.com\/wp\/#\/schema\/person\/fa74d0d8f42d5814be9a189518b76388\"},\"headline\":\"La gran duda: Berisso capital provincial o nacional del inmigrante? que paso?\",\"datePublished\":\"2026-01-21T22:25:47+00:00\",\"dateModified\":\"2026-01-21T22:25:49+00:00\",\"mainEntityOfPage\":{\"@id\":\"https:\/\/berissodigital.com\/wp\/la-gran-duda-berisso-capital-provincial-o-nacional-del-inmigrante-que-paso\/\"},\"wordCount\":497,\"commentCount\":0,\"publisher\":{\"@id\":\"https:\/\/berissodigital.com\/wp\/#organization\"},\"image\":{\"@id\":\"https:\/\/berissodigital.com\/wp\/la-gran-duda-berisso-capital-provincial-o-nacional-del-inmigrante-que-paso\/#primaryimage\"},\"thumbnailUrl\":\"https:\/\/i0.wp.com\/berissodigital.com\/wp\/wp-content\/uploads\/2026\/01\/desembarco_simbolico.jpg?fit=600%2C400&ssl=1\",\"articleSection\":[\"Historia\",\"Investigaci\u00f3n\"],\"inLanguage\":\"es-AR\",\"potentialAction\":[{\"@type\":\"CommentAction\",\"name\":\"Comment\",\"target\":[\"https:\/\/berissodigital.com\/wp\/la-gran-duda-berisso-capital-provincial-o-nacional-del-inmigrante-que-paso\/#respond\"]}]},{\"@type\":\"WebPage\",\"@id\":\"https:\/\/berissodigital.com\/wp\/la-gran-duda-berisso-capital-provincial-o-nacional-del-inmigrante-que-paso\/\",\"url\":\"https:\/\/berissodigital.com\/wp\/la-gran-duda-berisso-capital-provincial-o-nacional-del-inmigrante-que-paso\/\",\"name\":\"La gran duda: Berisso capital provincial o nacional del inmigrante? que paso? - revista\",\"isPartOf\":{\"@id\":\"https:\/\/berissodigital.com\/wp\/#website\"},\"primaryImageOfPage\":{\"@id\":\"https:\/\/berissodigital.com\/wp\/la-gran-duda-berisso-capital-provincial-o-nacional-del-inmigrante-que-paso\/#primaryimage\"},\"image\":{\"@id\":\"https:\/\/berissodigital.com\/wp\/la-gran-duda-berisso-capital-provincial-o-nacional-del-inmigrante-que-paso\/#primaryimage\"},\"thumbnailUrl\":\"https:\/\/i0.wp.com\/berissodigital.com\/wp\/wp-content\/uploads\/2026\/01\/desembarco_simbolico.jpg?fit=600%2C400&ssl=1\",\"datePublished\":\"2026-01-21T22:25:47+00:00\",\"dateModified\":\"2026-01-21T22:25:49+00:00\",\"breadcrumb\":{\"@id\":\"https:\/\/berissodigital.com\/wp\/la-gran-duda-berisso-capital-provincial-o-nacional-del-inmigrante-que-paso\/#breadcrumb\"},\"inLanguage\":\"es-AR\",\"potentialAction\":[{\"@type\":\"ReadAction\",\"target\":[\"https:\/\/berissodigital.com\/wp\/la-gran-duda-berisso-capital-provincial-o-nacional-del-inmigrante-que-paso\/\"]}]},{\"@type\":\"ImageObject\",\"inLanguage\":\"es-AR\",\"@id\":\"https:\/\/berissodigital.com\/wp\/la-gran-duda-berisso-capital-provincial-o-nacional-del-inmigrante-que-paso\/#primaryimage\",\"url\":\"https:\/\/i0.wp.com\/berissodigital.com\/wp\/wp-content\/uploads\/2026\/01\/desembarco_simbolico.jpg?fit=600%2C400&ssl=1\",\"contentUrl\":\"https:\/\/i0.wp.com\/berissodigital.com\/wp\/wp-content\/uploads\/2026\/01\/desembarco_simbolico.jpg?fit=600%2C400&ssl=1\",\"width\":600,\"height\":400},{\"@type\":\"BreadcrumbList\",\"@id\":\"https:\/\/berissodigital.com\/wp\/la-gran-duda-berisso-capital-provincial-o-nacional-del-inmigrante-que-paso\/#breadcrumb\",\"itemListElement\":[{\"@type\":\"ListItem\",\"position\":1,\"name\":\"Portada\",\"item\":\"https:\/\/berissodigital.com\/wp\/\"},{\"@type\":\"ListItem\",\"position\":2,\"name\":\"La gran duda: Berisso capital provincial o nacional del inmigrante? que paso?\"}]},{\"@type\":\"WebSite\",\"@id\":\"https:\/\/berissodigital.com\/wp\/#website\",\"url\":\"https:\/\/berissodigital.com\/wp\/\",\"name\":\"revista\",\"description\":\"BERISSO DIGITAL\",\"publisher\":{\"@id\":\"https:\/\/berissodigital.com\/wp\/#organization\"},\"potentialAction\":[{\"@type\":\"SearchAction\",\"target\":{\"@type\":\"EntryPoint\",\"urlTemplate\":\"https:\/\/berissodigital.com\/wp\/?s={search_term_string}\"},\"query-input\":{\"@type\":\"PropertyValueSpecification\",\"valueRequired\":true,\"valueName\":\"search_term_string\"}}],\"inLanguage\":\"es-AR\"},{\"@type\":\"Organization\",\"@id\":\"https:\/\/berissodigital.com\/wp\/#organization\",\"name\":\"revista\",\"url\":\"https:\/\/berissodigital.com\/wp\/\",\"logo\":{\"@type\":\"ImageObject\",\"inLanguage\":\"es-AR\",\"@id\":\"https:\/\/berissodigital.com\/wp\/#\/schema\/logo\/image\/\",\"url\":\"https:\/\/berissodigital.com\/wp\/wp-content\/uploads\/2021\/02\/cropped-Imagen4-1.jpg\",\"contentUrl\":\"https:\/\/berissodigital.com\/wp\/wp-content\/uploads\/2021\/02\/cropped-Imagen4-1.jpg\",\"width\":131,\"height\":141,\"caption\":\"revista\"},\"image\":{\"@id\":\"https:\/\/berissodigital.com\/wp\/#\/schema\/logo\/image\/\"},\"sameAs\":[\"https:\/\/www.facebook.com\/Berisso-Digital-104530954687047\"]},{\"@type\":\"Person\",\"@id\":\"https:\/\/berissodigital.com\/wp\/#\/schema\/person\/fa74d0d8f42d5814be9a189518b76388\",\"name\":\"Berisso Digital Magazine\",\"image\":{\"@type\":\"ImageObject\",\"inLanguage\":\"es-AR\",\"@id\":\"https:\/\/berissodigital.com\/wp\/#\/schema\/person\/image\/\",\"url\":\"https:\/\/secure.gravatar.com\/avatar\/7b10c64ea3b1dff9f923b5d6fbe9b19502c3d8a5ce7c144b6c039fb04339f45f?s=96&r=g\",\"contentUrl\":\"https:\/\/secure.gravatar.com\/avatar\/7b10c64ea3b1dff9f923b5d6fbe9b19502c3d8a5ce7c144b6c039fb04339f45f?s=96&r=g\",\"caption\":\"Berisso Digital Magazine\"},\"sameAs\":[\"https:\/\/berissodigital.com\/wp\",\"https:\/\/www.facebook.com\/BDberissodigital\/\",\"https:\/\/www.instagram.com\/berisso.digital\/\",\"https:\/\/www.youtube.com\/channel\/UCVI1_aW2q1tFtcdcF_3x-VA\",\"https:\/\/www.mixcloud.com\/dashboard\/my-tracks\/published\/\"],\"url\":\"https:\/\/berissodigital.com\/wp\/author\/cristian\/\"}]}<\/script>\n<!-- \/ Yoast SEO plugin. -->","yoast_head_json":{"title":"La gran duda: Berisso capital provincial o nacional del inmigrante? que paso? - revista","robots":{"index":"index","follow":"follow","max-snippet":"max-snippet:-1","max-image-preview":"max-image-preview:large","max-video-preview":"max-video-preview:-1"},"canonical":"https:\/\/berissodigital.com\/wp\/la-gran-duda-berisso-capital-provincial-o-nacional-del-inmigrante-que-paso\/","og_locale":"es_ES","og_type":"article","og_title":"La gran duda: Berisso capital provincial o nacional del inmigrante? que paso? - revista","og_description":"La raz\u00f3n por la cual Berisso dej\u00f3 de tener la \u201cFiesta Nacional del Inmigrante\u201d y pas\u00f3 a ser \u201cFiesta Provincial\u201d no tiene que ver con una p\u00e9rdida simb\u00f3lica o cultural, sino con cuestiones administrativas, legales y de gesti\u00f3n estatal. En s\u00edntesis: no se pudo (o no se quiso) sostener el estatus nacional en t\u00e9rminos formales. [&hellip;]","og_url":"https:\/\/berissodigital.com\/wp\/la-gran-duda-berisso-capital-provincial-o-nacional-del-inmigrante-que-paso\/","og_site_name":"revista","article_publisher":"https:\/\/www.facebook.com\/Berisso-Digital-104530954687047","article_author":"https:\/\/www.facebook.com\/BDberissodigital\/","article_published_time":"2026-01-21T22:25:47+00:00","article_modified_time":"2026-01-21T22:25:49+00:00","og_image":[{"width":600,"height":400,"url":"https:\/\/berissodigital.com\/wp\/wp-content\/uploads\/2026\/01\/desembarco_simbolico.jpg","type":"image\/jpeg"}],"author":"Berisso Digital Magazine","twitter_card":"summary_large_image","twitter_misc":{"Escrito por":"Berisso Digital Magazine","Tiempo de lectura":"3 minutos"},"schema":{"@context":"https:\/\/schema.org","@graph":[{"@type":"Article","@id":"https:\/\/berissodigital.com\/wp\/la-gran-duda-berisso-capital-provincial-o-nacional-del-inmigrante-que-paso\/#article","isPartOf":{"@id":"https:\/\/berissodigital.com\/wp\/la-gran-duda-berisso-capital-provincial-o-nacional-del-inmigrante-que-paso\/"},"author":{"name":"Berisso Digital Magazine","@id":"https:\/\/berissodigital.com\/wp\/#\/schema\/person\/fa74d0d8f42d5814be9a189518b76388"},"headline":"La gran duda: Berisso capital provincial o nacional del inmigrante? que paso?","datePublished":"2026-01-21T22:25:47+00:00","dateModified":"2026-01-21T22:25:49+00:00","mainEntityOfPage":{"@id":"https:\/\/berissodigital.com\/wp\/la-gran-duda-berisso-capital-provincial-o-nacional-del-inmigrante-que-paso\/"},"wordCount":497,"commentCount":0,"publisher":{"@id":"https:\/\/berissodigital.com\/wp\/#organization"},"image":{"@id":"https:\/\/berissodigital.com\/wp\/la-gran-duda-berisso-capital-provincial-o-nacional-del-inmigrante-que-paso\/#primaryimage"},"thumbnailUrl":"https:\/\/i0.wp.com\/berissodigital.com\/wp\/wp-content\/uploads\/2026\/01\/desembarco_simbolico.jpg?fit=600%2C400&ssl=1","articleSection":["Historia","Investigaci\u00f3n"],"inLanguage":"es-AR","potentialAction":[{"@type":"CommentAction","name":"Comment","target":["https:\/\/berissodigital.com\/wp\/la-gran-duda-berisso-capital-provincial-o-nacional-del-inmigrante-que-paso\/#respond"]}]},{"@type":"WebPage","@id":"https:\/\/berissodigital.com\/wp\/la-gran-duda-berisso-capital-provincial-o-nacional-del-inmigrante-que-paso\/","url":"https:\/\/berissodigital.com\/wp\/la-gran-duda-berisso-capital-provincial-o-nacional-del-inmigrante-que-paso\/","name":"La gran duda: Berisso capital provincial o nacional del inmigrante? que paso? - revista","isPartOf":{"@id":"https:\/\/berissodigital.com\/wp\/#website"},"primaryImageOfPage":{"@id":"https:\/\/berissodigital.com\/wp\/la-gran-duda-berisso-capital-provincial-o-nacional-del-inmigrante-que-paso\/#primaryimage"},"image":{"@id":"https:\/\/berissodigital.com\/wp\/la-gran-duda-berisso-capital-provincial-o-nacional-del-inmigrante-que-paso\/#primaryimage"},"thumbnailUrl":"https:\/\/i0.wp.com\/berissodigital.com\/wp\/wp-content\/uploads\/2026\/01\/desembarco_simbolico.jpg?fit=600%2C400&ssl=1","datePublished":"2026-01-21T22:25:47+00:00","dateModified":"2026-01-21T22:25:49+00:00","breadcrumb":{"@id":"https:\/\/berissodigital.com\/wp\/la-gran-duda-berisso-capital-provincial-o-nacional-del-inmigrante-que-paso\/#breadcrumb"},"inLanguage":"es-AR","potentialAction":[{"@type":"ReadAction","target":["https:\/\/berissodigital.com\/wp\/la-gran-duda-berisso-capital-provincial-o-nacional-del-inmigrante-que-paso\/"]}]},{"@type":"ImageObject","inLanguage":"es-AR","@id":"https:\/\/berissodigital.com\/wp\/la-gran-duda-berisso-capital-provincial-o-nacional-del-inmigrante-que-paso\/#primaryimage","url":"https:\/\/i0.wp.com\/berissodigital.com\/wp\/wp-content\/uploads\/2026\/01\/desembarco_simbolico.jpg?fit=600%2C400&ssl=1","contentUrl":"https:\/\/i0.wp.com\/berissodigital.com\/wp\/wp-content\/uploads\/2026\/01\/desembarco_simbolico.jpg?fit=600%2C400&ssl=1","width":600,"height":400},{"@type":"BreadcrumbList","@id":"https:\/\/berissodigital.com\/wp\/la-gran-duda-berisso-capital-provincial-o-nacional-del-inmigrante-que-paso\/#breadcrumb","itemListElement":[{"@type":"ListItem","position":1,"name":"Portada","item":"https:\/\/berissodigital.com\/wp\/"},{"@type":"ListItem","position":2,"name":"La gran duda: Berisso capital provincial o nacional del inmigrante? que paso?"}]},{"@type":"WebSite","@id":"https:\/\/berissodigital.com\/wp\/#website","url":"https:\/\/berissodigital.com\/wp\/","name":"revista","description":"BERISSO DIGITAL","publisher":{"@id":"https:\/\/berissodigital.com\/wp\/#organization"},"potentialAction":[{"@type":"SearchAction","target":{"@type":"EntryPoint","urlTemplate":"https:\/\/berissodigital.com\/wp\/?s={search_term_string}"},"query-input":{"@type":"PropertyValueSpecification","valueRequired":true,"valueName":"search_term_string"}}],"inLanguage":"es-AR"},{"@type":"Organization","@id":"https:\/\/berissodigital.com\/wp\/#organization","name":"revista","url":"https:\/\/berissodigital.com\/wp\/","logo":{"@type":"ImageObject","inLanguage":"es-AR","@id":"https:\/\/berissodigital.com\/wp\/#\/schema\/logo\/image\/","url":"https:\/\/berissodigital.com\/wp\/wp-content\/uploads\/2021\/02\/cropped-Imagen4-1.jpg","contentUrl":"https:\/\/berissodigital.com\/wp\/wp-content\/uploads\/2021\/02\/cropped-Imagen4-1.jpg","width":131,"height":141,"caption":"revista"},"image":{"@id":"https:\/\/berissodigital.com\/wp\/#\/schema\/logo\/image\/"},"sameAs":["https:\/\/www.facebook.com\/Berisso-Digital-104530954687047"]},{"@type":"Person","@id":"https:\/\/berissodigital.com\/wp\/#\/schema\/person\/fa74d0d8f42d5814be9a189518b76388","name":"Berisso Digital Magazine","image":{"@type":"ImageObject","inLanguage":"es-AR","@id":"https:\/\/berissodigital.com\/wp\/#\/schema\/person\/image\/","url":"https:\/\/secure.gravatar.com\/avatar\/7b10c64ea3b1dff9f923b5d6fbe9b19502c3d8a5ce7c144b6c039fb04339f45f?s=96&r=g","contentUrl":"https:\/\/secure.gravatar.com\/avatar\/7b10c64ea3b1dff9f923b5d6fbe9b19502c3d8a5ce7c144b6c039fb04339f45f?s=96&r=g","caption":"Berisso Digital Magazine"},"sameAs":["https:\/\/berissodigital.com\/wp","https:\/\/www.facebook.com\/BDberissodigital\/","https:\/\/www.instagram.com\/berisso.digital\/","https:\/\/www.youtube.com\/channel\/UCVI1_aW2q1tFtcdcF_3x-VA","https:\/\/www.mixcloud.com\/dashboard\/my-tracks\/published\/"],"url":"https:\/\/berissodigital.com\/wp\/author\/cristian\/"}]}},"jetpack_publicize_connections":[],"jetpack_featured_media_url":"https:\/\/i0.wp.com\/berissodigital.com\/wp\/wp-content\/uploads\/2026\/01\/desembarco_simbolico.jpg?fit=600%2C400&ssl=1","jetpack_sharing_enabled":true,"_links":{"self":[{"href":"https:\/\/berissodigital.com\/wp\/wp-json\/wp\/v2\/posts\/5050","targetHints":{"allow":["GET"]}}],"collection":[{"href":"https:\/\/berissodigital.com\/wp\/wp-json\/wp\/v2\/posts"}],"about":[{"href":"https:\/\/berissodigital.com\/wp\/wp-json\/wp\/v2\/types\/post"}],"author":[{"embeddable":true,"href":"https:\/\/berissodigital.com\/wp\/wp-json\/wp\/v2\/users\/1"}],"replies":[{"embeddable":true,"href":"https:\/\/berissodigital.com\/wp\/wp-json\/wp\/v2\/comments?post=5050"}],"version-history":[{"count":1,"href":"https:\/\/berissodigital.com\/wp\/wp-json\/wp\/v2\/posts\/5050\/revisions"}],"predecessor-version":[{"id":5052,"href":"https:\/\/berissodigital.com\/wp\/wp-json\/wp\/v2\/posts\/5050\/revisions\/5052"}],"wp:featuredmedia":[{"embeddable":true,"href":"https:\/\/berissodigital.com\/wp\/wp-json\/wp\/v2\/media\/5051"}],"wp:attachment":[{"href":"https:\/\/berissodigital.com\/wp\/wp-json\/wp\/v2\/media?parent=5050"}],"wp:term":[{"taxonomy":"category","embeddable":true,"href":"https:\/\/berissodigital.com\/wp\/wp-json\/wp\/v2\/categories?post=5050"},{"taxonomy":"post_tag","embeddable":true,"href":"https:\/\/berissodigital.com\/wp\/wp-json\/wp\/v2\/tags?post=5050"}],"curies":[{"name":"wp","href":"https:\/\/api.w.org\/{rel}","templated":true}]}}