{"id":1268,"date":"2021-09-22T19:45:18","date_gmt":"2021-09-22T19:45:18","guid":{"rendered":"https:\/\/berissodigital.com\/wp\/?p=1268"},"modified":"2021-09-22T19:46:55","modified_gmt":"2021-09-22T19:46:55","slug":"10-anos-de-celiared-red-provincial-de-celiaquia","status":"publish","type":"post","link":"https:\/\/berissodigital.com\/wp\/10-anos-de-celiared-red-provincial-de-celiaquia\/","title":{"rendered":"10 a\u00f1os de CELIARED (Red Provincial de celiaqu\u00eda)"},"content":{"rendered":"<div class='booster-block booster-read-block'>\n                <div class=\"twp-read-time\">\n                \t<i class=\"booster-icon twp-clock\"><\/i> <span>Read Time:<\/span>1 Minute, 26 Second                <\/div>\n\n            <\/div><div class=\"kvgmc6g5 cxmmr5t8 oygrvhab hcukyx3x c1et5uql ii04i59q\">\n<div dir=\"auto\"><strong>Jornada de EPICE (Encuentro para la integraci\u00f3n del celiaco) en Berisso<\/strong><\/div>\n<div dir=\"auto\">Lugar: Escuela de Arte de Berisso, Av. Montevideo y 11 (Parque C\u00edvico)<\/div>\n<div dir=\"auto\">D\u00eda y hora: viernes 24 de septiembre desde las 14 hs<\/div>\n<div dir=\"auto\">Acreditaci\u00f3n previa: cupos limitados y protocolo sanitario, cristianadriani@hotmail.com<\/div>\n<div dir=\"auto\"><\/div>\n<\/div>\n<div class=\"o9v6fnle cxmmr5t8 oygrvhab hcukyx3x c1et5uql ii04i59q\">\n<div dir=\"auto\"><strong>Cronograma de actividades<\/strong><\/div>\n<\/div>\n<div class=\"o9v6fnle cxmmr5t8 oygrvhab hcukyx3x c1et5uql ii04i59q\">\n<div dir=\"auto\">14 hs: Bienvenida a cargo de la Dra. Sandra Wac, Coordinadora del Programa CELIARED (Red Provincial de celiaqu\u00eda) Ministerio de Salud de la Provincia de Buenos Aires y Cristian Adriani, Jefe de Departamento de Seguridad Alimentaria, Secretar\u00eda de Salud, Municipalidad de Berisso.<\/div>\n<\/div>\n<div class=\"o9v6fnle cxmmr5t8 oygrvhab hcukyx3x c1et5uql ii04i59q\">\n<div dir=\"auto\">14,15 hs: Clase y elaboraci\u00f3n en tiempo de real de una receta ALG (Alimento libre de gluten) junto al Mag. Cristian Ponce de Le\u00f3n.<\/div>\n<div dir=\"auto\">Cristian Ponce de Le\u00f3n, es Fundador de la Asociaci\u00f3n Culinaria con Identidad Regional (ACRA), presidente del Consejo Profesional Gastron\u00f3mico de las Am\u00e9ricas (CPGA), Director de la Secretar\u00eda de Seguridad Alimentaria de la Uni\u00f3n Parlamentarios Sudamericanos y del MERCOSUR (UPM), adem\u00e1s participa en distintas organizaciones internacionales y forma parte de grupos y consultoras de prestigio. Cristian es Magister por la Universidad de Harvard (Harvard University), diplomado por la Universidad de Extremadura (Espa\u00f1a) y su actividad fue distinguida en distintos puntos de Suram\u00e9rica.<\/div>\n<div dir=\"auto\">Cuenta con una trayectoria de m\u00e1s de 25 a\u00f1os de experiencia y un frondoso curr\u00edculum y tenemos el honor de contarlo para el desarrollo de la clase sobre elaboraci\u00f3n de alimentos libres de gluten.<\/div>\n<\/div>\n<div class=\"o9v6fnle cxmmr5t8 oygrvhab hcukyx3x c1et5uql ii04i59q\">\n<div dir=\"auto\">15,30 hs CEDICE (Centro de difusi\u00f3n de la celiaqu\u00eda) Marta Poli y Mar\u00eda Rosa Pastor, autoridades del Centro, expondr\u00e1n sobre las actividades realizadas en este periodo por la organizaci\u00f3n.<\/div>\n<\/div>\n<div class=\"o9v6fnle cxmmr5t8 oygrvhab hcukyx3x c1et5uql ii04i59q\">\n<div dir=\"auto\">16 hs Rese\u00f1a de actividades desarrolladas en Berisso desde la Secretar\u00eda de Salud en el marco de los 10 a\u00f1os de CELIARED y cierre de la jornada.<\/div>\n<\/div>\n        <div class=\"booster-block booster-reactions-block\">\n            <div class=\"twp-reactions-icons\">\n                \n                <div class=\"twp-reacts-wrap\">\n                    <a react-data=\"be-react-1\" post-id=\"1268\" class=\"be-face-icons un-reacted\" href=\"javascript:void(0)\">\n                        <img decoding=\"async\" src=\"https:\/\/berissodigital.com\/wp\/wp-content\/plugins\/booster-extension\/\/assets\/icon\/happy.svg\" alt=\"Happy\">\n                    <\/a>\n                    <div class=\"twp-reaction-title\">\n                        Happy                    <\/div>\n                    <div class=\"twp-count-percent\">\n                                                    <span style=\"display: none;\" class=\"twp-react-count\">0<\/span>\n                        \n                                                <span class=\"twp-react-percent\"><span>0<\/span> %<\/span>\n                                            <\/div>\n                <\/div>\n\n                <div class=\"twp-reacts-wrap\">\n                    <a react-data=\"be-react-2\" post-id=\"1268\" class=\"be-face-icons un-reacted\" href=\"javascript:void(0)\">\n                        <img decoding=\"async\" src=\"https:\/\/berissodigital.com\/wp\/wp-content\/plugins\/booster-extension\/\/assets\/icon\/sad.svg\" alt=\"Sad\">\n                    <\/a>\n                    <div class=\"twp-reaction-title\">\n                        Sad                    <\/div>\n                    <div class=\"twp-count-percent\">\n                                                    <span style=\"display: none;\" class=\"twp-react-count\">0<\/span>\n                                                                        <span class=\"twp-react-percent\"><span>0<\/span> %<\/span>\n                                            <\/div>\n                <\/div>\n\n                <div class=\"twp-reacts-wrap\">\n                    <a react-data=\"be-react-3\" post-id=\"1268\" class=\"be-face-icons un-reacted\" href=\"javascript:void(0)\">\n                        <img decoding=\"async\" src=\"https:\/\/berissodigital.com\/wp\/wp-content\/plugins\/booster-extension\/\/assets\/icon\/excited.svg\" alt=\"Excited\">\n                    <\/a>\n                    <div class=\"twp-reaction-title\">\n                        Excited                    <\/div>\n                    <div class=\"twp-count-percent\">\n                                                    <span style=\"display: none;\" class=\"twp-react-count\">0<\/span>\n                                                                        <span class=\"twp-react-percent\"><span>0<\/span> %<\/span>\n                                            <\/div>\n                <\/div>\n\n                <div class=\"twp-reacts-wrap\">\n                    <a react-data=\"be-react-6\" post-id=\"1268\" class=\"be-face-icons un-reacted\" href=\"javascript:void(0)\">\n                        <img decoding=\"async\" src=\"https:\/\/berissodigital.com\/wp\/wp-content\/plugins\/booster-extension\/\/assets\/icon\/sleepy.svg\" alt=\"Sleepy\">\n                    <\/a>\n                    <div class=\"twp-reaction-title\">\n                        Sleepy                    <\/div>\n                    <div class=\"twp-count-percent\">\n                                                    <span style=\"display: none;\" class=\"twp-react-count\">0<\/span>\n                        \n                                                <span class=\"twp-react-percent\"><span>0<\/span> %<\/span>\n                                            <\/div>\n                <\/div>\n\n                <div class=\"twp-reacts-wrap\">\n                    <a react-data=\"be-react-4\" post-id=\"1268\" class=\"be-face-icons un-reacted\" href=\"javascript:void(0)\">\n                        <img decoding=\"async\" src=\"https:\/\/berissodigital.com\/wp\/wp-content\/plugins\/booster-extension\/\/assets\/icon\/angry.svg\" alt=\"Angry\">\n                    <\/a>\n                    <div class=\"twp-reaction-title\">Angry<\/div>\n                    <div class=\"twp-count-percent\">\n                                                    <span style=\"display: none;\" class=\"twp-react-count\">0<\/span>\n                                                                        <span class=\"twp-react-percent\"><span>0<\/span> %<\/span>\n                        \n                    <\/div>\n                <\/div>\n\n                <div class=\"twp-reacts-wrap\">\n                    <a react-data=\"be-react-5\" post-id=\"1268\" class=\"be-face-icons un-reacted\" href=\"javascript:void(0)\">\n                        <img decoding=\"async\" src=\"https:\/\/berissodigital.com\/wp\/wp-content\/plugins\/booster-extension\/\/assets\/icon\/surprise.svg\" alt=\"Surprise\">\n                    <\/a>\n                    <div class=\"twp-reaction-title\">Surprise<\/div>\n                    <div class=\"twp-count-percent\">\n                                                    <span style=\"display: none;\" class=\"twp-react-count\">0<\/span>\n                                                                        <span class=\"twp-react-percent\"><span>0<\/span> %<\/span>\n                                            <\/div>\n                <\/div>\n\n            <\/div>\n        <\/div>\n\n    ","protected":false},"excerpt":{"rendered":"<p>Jornada de EPICE (Encuentro para la integraci\u00f3n del celiaco) en Berisso Lugar: Escuela de Arte de Berisso, Av. Montevideo y 11 (Parque C\u00edvico) D\u00eda y hora: viernes 24 de septiembre desde las 14 hs Acreditaci\u00f3n previa: cupos limitados y protocolo sanitario, cristianadriani@hotmail.com Cronograma de actividades 14 hs: Bienvenida a cargo de la Dra. Sandra Wac, [&hellip;]<\/p>\n","protected":false},"author":1,"featured_media":1269,"comment_status":"open","ping_status":"open","sticky":false,"template":"","format":"standard","meta":{"_jetpack_memberships_contains_paid_content":false,"footnotes":"","jetpack_publicize_message":"","jetpack_publicize_feature_enabled":true,"jetpack_social_post_already_shared":false,"jetpack_social_options":{"image_generator_settings":{"template":"highway","default_image_id":0,"font":"","enabled":false},"version":2}},"categories":[18,16],"tags":[],"class_list":["post-1268","post","type-post","status-publish","format-standard","has-post-thumbnail","hentry","category-educacion","category-salud"],"yoast_head":"<!-- This site is optimized with the Yoast SEO plugin v26.8 - https:\/\/yoast.com\/product\/yoast-seo-wordpress\/ -->\n<title>10 a\u00f1os de CELIARED (Red Provincial de celiaqu\u00eda) - revista<\/title>\n<meta name=\"description\" content=\"Jornada de EPICE (Encuentro para la integraci\u00f3n del celiaco) en Berisso Lugar: Escuela de Arte de Berisso, Av. Montevideo y 11 (Parque C\u00edvico)D\u00eda y hora: viernes 24 de septiembre desde las 14 hsAcreditaci\u00f3n previa: cupos limitados y protocolo sanitario, cristianadriani@hotmail.com\" \/>\n<meta name=\"robots\" content=\"index, follow, max-snippet:-1, max-image-preview:large, max-video-preview:-1\" \/>\n<link rel=\"canonical\" href=\"https:\/\/berissodigital.com\/wp\/10-anos-de-celiared-red-provincial-de-celiaquia\/\" \/>\n<meta property=\"og:locale\" content=\"es_ES\" \/>\n<meta property=\"og:type\" content=\"article\" \/>\n<meta property=\"og:title\" content=\"10 a\u00f1os de CELIARED (Red Provincial de celiaqu\u00eda)\" \/>\n<meta property=\"og:description\" content=\"Jornada de EPICE (Encuentro para la integraci\u00f3n del celiaco) en BerissoLugar: Escuela de Arte de Berisso, Av. Montevideo y 11 (Parque C\u00edvico)D\u00eda y hora: viernes 24 de septiembre desde las 14 hsAcreditaci\u00f3n previa: cupos limitados y protocolo sanitario, cristianadriani@hotmail.com\" \/>\n<meta property=\"og:url\" content=\"https:\/\/berissodigital.com\/wp\/10-anos-de-celiared-red-provincial-de-celiaquia\/\" \/>\n<meta property=\"og:site_name\" content=\"revista\" \/>\n<meta property=\"article:publisher\" content=\"https:\/\/www.facebook.com\/Berisso-Digital-104530954687047\" \/>\n<meta property=\"article:author\" content=\"https:\/\/www.facebook.com\/BDberissodigital\/\" \/>\n<meta property=\"article:published_time\" content=\"2021-09-22T19:45:18+00:00\" \/>\n<meta property=\"article:modified_time\" content=\"2021-09-22T19:46:55+00:00\" \/>\n<meta property=\"og:image\" content=\"https:\/\/berissodigital.com\/wp\/wp-content\/uploads\/2021\/09\/CR1.jpeg\" \/>\n\t<meta property=\"og:image:width\" content=\"1280\" \/>\n\t<meta property=\"og:image:height\" content=\"802\" \/>\n\t<meta property=\"og:image:type\" content=\"image\/jpeg\" \/>\n<meta name=\"author\" content=\"Berisso Digital Magazine\" \/>\n<meta name=\"twitter:card\" content=\"summary_large_image\" \/>\n<meta name=\"twitter:title\" content=\"10 a\u00f1os de CELIARED (Red Provincial de celiaqu\u00eda)\" \/>\n<meta name=\"twitter:description\" content=\"Jornada de EPICE (Encuentro para la integraci\u00f3n del celiaco) en BerissoLugar: Escuela de Arte de Berisso, Av. Montevideo y 11 (Parque C\u00edvico)D\u00eda y hora: viernes 24 de septiembre desde las 14 hsAcreditaci\u00f3n previa: cupos limitados y protocolo sanitario, cristianadriani@hotmail.com\" \/>\n<meta name=\"twitter:image\" content=\"https:\/\/i0.wp.com\/berissodigital.com\/wp\/wp-content\/uploads\/2021\/09\/CR1.jpeg?fit=1280%2C802&ssl=1\" \/>\n<meta name=\"twitter:label1\" content=\"Escrito por\" \/>\n\t<meta name=\"twitter:data1\" content=\"Berisso Digital Magazine\" \/>\n\t<meta name=\"twitter:label2\" content=\"Tiempo de lectura\" \/>\n\t<meta name=\"twitter:data2\" content=\"2 minutos\" \/>\n<script type=\"application\/ld+json\" class=\"yoast-schema-graph\">{\"@context\":\"https:\/\/schema.org\",\"@graph\":[{\"@type\":\"Article\",\"@id\":\"https:\/\/berissodigital.com\/wp\/10-anos-de-celiared-red-provincial-de-celiaquia\/#article\",\"isPartOf\":{\"@id\":\"https:\/\/berissodigital.com\/wp\/10-anos-de-celiared-red-provincial-de-celiaquia\/\"},\"author\":{\"name\":\"Berisso Digital Magazine\",\"@id\":\"https:\/\/berissodigital.com\/wp\/#\/schema\/person\/fa74d0d8f42d5814be9a189518b76388\"},\"headline\":\"10 a\u00f1os de CELIARED (Red Provincial de celiaqu\u00eda)\",\"datePublished\":\"2021-09-22T19:45:18+00:00\",\"dateModified\":\"2021-09-22T19:46:55+00:00\",\"mainEntityOfPage\":{\"@id\":\"https:\/\/berissodigital.com\/wp\/10-anos-de-celiared-red-provincial-de-celiaquia\/\"},\"wordCount\":313,\"commentCount\":0,\"publisher\":{\"@id\":\"https:\/\/berissodigital.com\/wp\/#organization\"},\"image\":{\"@id\":\"https:\/\/berissodigital.com\/wp\/10-anos-de-celiared-red-provincial-de-celiaquia\/#primaryimage\"},\"thumbnailUrl\":\"https:\/\/i0.wp.com\/berissodigital.com\/wp\/wp-content\/uploads\/2021\/09\/CR1.jpeg?fit=1280%2C802&ssl=1\",\"articleSection\":[\"Educaci\u00f3n\",\"Salud\"],\"inLanguage\":\"es-AR\",\"potentialAction\":[{\"@type\":\"CommentAction\",\"name\":\"Comment\",\"target\":[\"https:\/\/berissodigital.com\/wp\/10-anos-de-celiared-red-provincial-de-celiaquia\/#respond\"]}]},{\"@type\":\"WebPage\",\"@id\":\"https:\/\/berissodigital.com\/wp\/10-anos-de-celiared-red-provincial-de-celiaquia\/\",\"url\":\"https:\/\/berissodigital.com\/wp\/10-anos-de-celiared-red-provincial-de-celiaquia\/\",\"name\":\"10 a\u00f1os de CELIARED (Red Provincial de celiaqu\u00eda) - revista\",\"isPartOf\":{\"@id\":\"https:\/\/berissodigital.com\/wp\/#website\"},\"primaryImageOfPage\":{\"@id\":\"https:\/\/berissodigital.com\/wp\/10-anos-de-celiared-red-provincial-de-celiaquia\/#primaryimage\"},\"image\":{\"@id\":\"https:\/\/berissodigital.com\/wp\/10-anos-de-celiared-red-provincial-de-celiaquia\/#primaryimage\"},\"thumbnailUrl\":\"https:\/\/i0.wp.com\/berissodigital.com\/wp\/wp-content\/uploads\/2021\/09\/CR1.jpeg?fit=1280%2C802&ssl=1\",\"datePublished\":\"2021-09-22T19:45:18+00:00\",\"dateModified\":\"2021-09-22T19:46:55+00:00\",\"description\":\"Jornada de EPICE (Encuentro para la integraci\u00f3n del celiaco) en Berisso Lugar: Escuela de Arte de Berisso, Av. Montevideo y 11 (Parque C\u00edvico)D\u00eda y hora: viernes 24 de septiembre desde las 14 hsAcreditaci\u00f3n previa: cupos limitados y protocolo sanitario, cristianadriani@hotmail.com\",\"breadcrumb\":{\"@id\":\"https:\/\/berissodigital.com\/wp\/10-anos-de-celiared-red-provincial-de-celiaquia\/#breadcrumb\"},\"inLanguage\":\"es-AR\",\"potentialAction\":[{\"@type\":\"ReadAction\",\"target\":[\"https:\/\/berissodigital.com\/wp\/10-anos-de-celiared-red-provincial-de-celiaquia\/\"]}]},{\"@type\":\"ImageObject\",\"inLanguage\":\"es-AR\",\"@id\":\"https:\/\/berissodigital.com\/wp\/10-anos-de-celiared-red-provincial-de-celiaquia\/#primaryimage\",\"url\":\"https:\/\/i0.wp.com\/berissodigital.com\/wp\/wp-content\/uploads\/2021\/09\/CR1.jpeg?fit=1280%2C802&ssl=1\",\"contentUrl\":\"https:\/\/i0.wp.com\/berissodigital.com\/wp\/wp-content\/uploads\/2021\/09\/CR1.jpeg?fit=1280%2C802&ssl=1\",\"width\":1280,\"height\":802},{\"@type\":\"BreadcrumbList\",\"@id\":\"https:\/\/berissodigital.com\/wp\/10-anos-de-celiared-red-provincial-de-celiaquia\/#breadcrumb\",\"itemListElement\":[{\"@type\":\"ListItem\",\"position\":1,\"name\":\"Portada\",\"item\":\"https:\/\/berissodigital.com\/wp\/\"},{\"@type\":\"ListItem\",\"position\":2,\"name\":\"10 a\u00f1os de CELIARED (Red Provincial de celiaqu\u00eda)\"}]},{\"@type\":\"WebSite\",\"@id\":\"https:\/\/berissodigital.com\/wp\/#website\",\"url\":\"https:\/\/berissodigital.com\/wp\/\",\"name\":\"revista\",\"description\":\"BERISSO DIGITAL\",\"publisher\":{\"@id\":\"https:\/\/berissodigital.com\/wp\/#organization\"},\"potentialAction\":[{\"@type\":\"SearchAction\",\"target\":{\"@type\":\"EntryPoint\",\"urlTemplate\":\"https:\/\/berissodigital.com\/wp\/?s={search_term_string}\"},\"query-input\":{\"@type\":\"PropertyValueSpecification\",\"valueRequired\":true,\"valueName\":\"search_term_string\"}}],\"inLanguage\":\"es-AR\"},{\"@type\":\"Organization\",\"@id\":\"https:\/\/berissodigital.com\/wp\/#organization\",\"name\":\"revista\",\"url\":\"https:\/\/berissodigital.com\/wp\/\",\"logo\":{\"@type\":\"ImageObject\",\"inLanguage\":\"es-AR\",\"@id\":\"https:\/\/berissodigital.com\/wp\/#\/schema\/logo\/image\/\",\"url\":\"https:\/\/berissodigital.com\/wp\/wp-content\/uploads\/2021\/02\/cropped-Imagen4-1.jpg\",\"contentUrl\":\"https:\/\/berissodigital.com\/wp\/wp-content\/uploads\/2021\/02\/cropped-Imagen4-1.jpg\",\"width\":131,\"height\":141,\"caption\":\"revista\"},\"image\":{\"@id\":\"https:\/\/berissodigital.com\/wp\/#\/schema\/logo\/image\/\"},\"sameAs\":[\"https:\/\/www.facebook.com\/Berisso-Digital-104530954687047\"]},{\"@type\":\"Person\",\"@id\":\"https:\/\/berissodigital.com\/wp\/#\/schema\/person\/fa74d0d8f42d5814be9a189518b76388\",\"name\":\"Berisso Digital Magazine\",\"image\":{\"@type\":\"ImageObject\",\"inLanguage\":\"es-AR\",\"@id\":\"https:\/\/berissodigital.com\/wp\/#\/schema\/person\/image\/\",\"url\":\"https:\/\/secure.gravatar.com\/avatar\/7b10c64ea3b1dff9f923b5d6fbe9b19502c3d8a5ce7c144b6c039fb04339f45f?s=96&r=g\",\"contentUrl\":\"https:\/\/secure.gravatar.com\/avatar\/7b10c64ea3b1dff9f923b5d6fbe9b19502c3d8a5ce7c144b6c039fb04339f45f?s=96&r=g\",\"caption\":\"Berisso Digital Magazine\"},\"sameAs\":[\"https:\/\/berissodigital.com\/wp\",\"https:\/\/www.facebook.com\/BDberissodigital\/\",\"https:\/\/www.instagram.com\/berisso.digital\/\",\"https:\/\/www.youtube.com\/channel\/UCVI1_aW2q1tFtcdcF_3x-VA\",\"https:\/\/www.mixcloud.com\/dashboard\/my-tracks\/published\/\"],\"url\":\"https:\/\/berissodigital.com\/wp\/author\/cristian\/\"}]}<\/script>\n<!-- \/ Yoast SEO plugin. -->","yoast_head_json":{"title":"10 a\u00f1os de CELIARED (Red Provincial de celiaqu\u00eda) - revista","description":"Jornada de EPICE (Encuentro para la integraci\u00f3n del celiaco) en Berisso Lugar: Escuela de Arte de Berisso, Av. Montevideo y 11 (Parque C\u00edvico)D\u00eda y hora: viernes 24 de septiembre desde las 14 hsAcreditaci\u00f3n previa: cupos limitados y protocolo sanitario, cristianadriani@hotmail.com","robots":{"index":"index","follow":"follow","max-snippet":"max-snippet:-1","max-image-preview":"max-image-preview:large","max-video-preview":"max-video-preview:-1"},"canonical":"https:\/\/berissodigital.com\/wp\/10-anos-de-celiared-red-provincial-de-celiaquia\/","og_locale":"es_ES","og_type":"article","og_title":"10 a\u00f1os de CELIARED (Red Provincial de celiaqu\u00eda)","og_description":"Jornada de EPICE (Encuentro para la integraci\u00f3n del celiaco) en BerissoLugar: Escuela de Arte de Berisso, Av. Montevideo y 11 (Parque C\u00edvico)D\u00eda y hora: viernes 24 de septiembre desde las 14 hsAcreditaci\u00f3n previa: cupos limitados y protocolo sanitario, cristianadriani@hotmail.com","og_url":"https:\/\/berissodigital.com\/wp\/10-anos-de-celiared-red-provincial-de-celiaquia\/","og_site_name":"revista","article_publisher":"https:\/\/www.facebook.com\/Berisso-Digital-104530954687047","article_author":"https:\/\/www.facebook.com\/BDberissodigital\/","article_published_time":"2021-09-22T19:45:18+00:00","article_modified_time":"2021-09-22T19:46:55+00:00","og_image":[{"width":1280,"height":802,"url":"https:\/\/berissodigital.com\/wp\/wp-content\/uploads\/2021\/09\/CR1.jpeg","type":"image\/jpeg"}],"author":"Berisso Digital Magazine","twitter_card":"summary_large_image","twitter_title":"10 a\u00f1os de CELIARED (Red Provincial de celiaqu\u00eda)","twitter_description":"Jornada de EPICE (Encuentro para la integraci\u00f3n del celiaco) en BerissoLugar: Escuela de Arte de Berisso, Av. Montevideo y 11 (Parque C\u00edvico)D\u00eda y hora: viernes 24 de septiembre desde las 14 hsAcreditaci\u00f3n previa: cupos limitados y protocolo sanitario, cristianadriani@hotmail.com","twitter_image":"https:\/\/i0.wp.com\/berissodigital.com\/wp\/wp-content\/uploads\/2021\/09\/CR1.jpeg?fit=1280%2C802&ssl=1","twitter_misc":{"Escrito por":"Berisso Digital Magazine","Tiempo de lectura":"2 minutos"},"schema":{"@context":"https:\/\/schema.org","@graph":[{"@type":"Article","@id":"https:\/\/berissodigital.com\/wp\/10-anos-de-celiared-red-provincial-de-celiaquia\/#article","isPartOf":{"@id":"https:\/\/berissodigital.com\/wp\/10-anos-de-celiared-red-provincial-de-celiaquia\/"},"author":{"name":"Berisso Digital Magazine","@id":"https:\/\/berissodigital.com\/wp\/#\/schema\/person\/fa74d0d8f42d5814be9a189518b76388"},"headline":"10 a\u00f1os de CELIARED (Red Provincial de celiaqu\u00eda)","datePublished":"2021-09-22T19:45:18+00:00","dateModified":"2021-09-22T19:46:55+00:00","mainEntityOfPage":{"@id":"https:\/\/berissodigital.com\/wp\/10-anos-de-celiared-red-provincial-de-celiaquia\/"},"wordCount":313,"commentCount":0,"publisher":{"@id":"https:\/\/berissodigital.com\/wp\/#organization"},"image":{"@id":"https:\/\/berissodigital.com\/wp\/10-anos-de-celiared-red-provincial-de-celiaquia\/#primaryimage"},"thumbnailUrl":"https:\/\/i0.wp.com\/berissodigital.com\/wp\/wp-content\/uploads\/2021\/09\/CR1.jpeg?fit=1280%2C802&ssl=1","articleSection":["Educaci\u00f3n","Salud"],"inLanguage":"es-AR","potentialAction":[{"@type":"CommentAction","name":"Comment","target":["https:\/\/berissodigital.com\/wp\/10-anos-de-celiared-red-provincial-de-celiaquia\/#respond"]}]},{"@type":"WebPage","@id":"https:\/\/berissodigital.com\/wp\/10-anos-de-celiared-red-provincial-de-celiaquia\/","url":"https:\/\/berissodigital.com\/wp\/10-anos-de-celiared-red-provincial-de-celiaquia\/","name":"10 a\u00f1os de CELIARED (Red Provincial de celiaqu\u00eda) - revista","isPartOf":{"@id":"https:\/\/berissodigital.com\/wp\/#website"},"primaryImageOfPage":{"@id":"https:\/\/berissodigital.com\/wp\/10-anos-de-celiared-red-provincial-de-celiaquia\/#primaryimage"},"image":{"@id":"https:\/\/berissodigital.com\/wp\/10-anos-de-celiared-red-provincial-de-celiaquia\/#primaryimage"},"thumbnailUrl":"https:\/\/i0.wp.com\/berissodigital.com\/wp\/wp-content\/uploads\/2021\/09\/CR1.jpeg?fit=1280%2C802&ssl=1","datePublished":"2021-09-22T19:45:18+00:00","dateModified":"2021-09-22T19:46:55+00:00","description":"Jornada de EPICE (Encuentro para la integraci\u00f3n del celiaco) en Berisso Lugar: Escuela de Arte de Berisso, Av. Montevideo y 11 (Parque C\u00edvico)D\u00eda y hora: viernes 24 de septiembre desde las 14 hsAcreditaci\u00f3n previa: cupos limitados y protocolo sanitario, cristianadriani@hotmail.com","breadcrumb":{"@id":"https:\/\/berissodigital.com\/wp\/10-anos-de-celiared-red-provincial-de-celiaquia\/#breadcrumb"},"inLanguage":"es-AR","potentialAction":[{"@type":"ReadAction","target":["https:\/\/berissodigital.com\/wp\/10-anos-de-celiared-red-provincial-de-celiaquia\/"]}]},{"@type":"ImageObject","inLanguage":"es-AR","@id":"https:\/\/berissodigital.com\/wp\/10-anos-de-celiared-red-provincial-de-celiaquia\/#primaryimage","url":"https:\/\/i0.wp.com\/berissodigital.com\/wp\/wp-content\/uploads\/2021\/09\/CR1.jpeg?fit=1280%2C802&ssl=1","contentUrl":"https:\/\/i0.wp.com\/berissodigital.com\/wp\/wp-content\/uploads\/2021\/09\/CR1.jpeg?fit=1280%2C802&ssl=1","width":1280,"height":802},{"@type":"BreadcrumbList","@id":"https:\/\/berissodigital.com\/wp\/10-anos-de-celiared-red-provincial-de-celiaquia\/#breadcrumb","itemListElement":[{"@type":"ListItem","position":1,"name":"Portada","item":"https:\/\/berissodigital.com\/wp\/"},{"@type":"ListItem","position":2,"name":"10 a\u00f1os de CELIARED (Red Provincial de celiaqu\u00eda)"}]},{"@type":"WebSite","@id":"https:\/\/berissodigital.com\/wp\/#website","url":"https:\/\/berissodigital.com\/wp\/","name":"revista","description":"BERISSO DIGITAL","publisher":{"@id":"https:\/\/berissodigital.com\/wp\/#organization"},"potentialAction":[{"@type":"SearchAction","target":{"@type":"EntryPoint","urlTemplate":"https:\/\/berissodigital.com\/wp\/?s={search_term_string}"},"query-input":{"@type":"PropertyValueSpecification","valueRequired":true,"valueName":"search_term_string"}}],"inLanguage":"es-AR"},{"@type":"Organization","@id":"https:\/\/berissodigital.com\/wp\/#organization","name":"revista","url":"https:\/\/berissodigital.com\/wp\/","logo":{"@type":"ImageObject","inLanguage":"es-AR","@id":"https:\/\/berissodigital.com\/wp\/#\/schema\/logo\/image\/","url":"https:\/\/berissodigital.com\/wp\/wp-content\/uploads\/2021\/02\/cropped-Imagen4-1.jpg","contentUrl":"https:\/\/berissodigital.com\/wp\/wp-content\/uploads\/2021\/02\/cropped-Imagen4-1.jpg","width":131,"height":141,"caption":"revista"},"image":{"@id":"https:\/\/berissodigital.com\/wp\/#\/schema\/logo\/image\/"},"sameAs":["https:\/\/www.facebook.com\/Berisso-Digital-104530954687047"]},{"@type":"Person","@id":"https:\/\/berissodigital.com\/wp\/#\/schema\/person\/fa74d0d8f42d5814be9a189518b76388","name":"Berisso Digital Magazine","image":{"@type":"ImageObject","inLanguage":"es-AR","@id":"https:\/\/berissodigital.com\/wp\/#\/schema\/person\/image\/","url":"https:\/\/secure.gravatar.com\/avatar\/7b10c64ea3b1dff9f923b5d6fbe9b19502c3d8a5ce7c144b6c039fb04339f45f?s=96&r=g","contentUrl":"https:\/\/secure.gravatar.com\/avatar\/7b10c64ea3b1dff9f923b5d6fbe9b19502c3d8a5ce7c144b6c039fb04339f45f?s=96&r=g","caption":"Berisso Digital Magazine"},"sameAs":["https:\/\/berissodigital.com\/wp","https:\/\/www.facebook.com\/BDberissodigital\/","https:\/\/www.instagram.com\/berisso.digital\/","https:\/\/www.youtube.com\/channel\/UCVI1_aW2q1tFtcdcF_3x-VA","https:\/\/www.mixcloud.com\/dashboard\/my-tracks\/published\/"],"url":"https:\/\/berissodigital.com\/wp\/author\/cristian\/"}]}},"jetpack_publicize_connections":[],"jetpack_featured_media_url":"https:\/\/i0.wp.com\/berissodigital.com\/wp\/wp-content\/uploads\/2021\/09\/CR1.jpeg?fit=1280%2C802&ssl=1","jetpack_sharing_enabled":true,"_links":{"self":[{"href":"https:\/\/berissodigital.com\/wp\/wp-json\/wp\/v2\/posts\/1268","targetHints":{"allow":["GET"]}}],"collection":[{"href":"https:\/\/berissodigital.com\/wp\/wp-json\/wp\/v2\/posts"}],"about":[{"href":"https:\/\/berissodigital.com\/wp\/wp-json\/wp\/v2\/types\/post"}],"author":[{"embeddable":true,"href":"https:\/\/berissodigital.com\/wp\/wp-json\/wp\/v2\/users\/1"}],"replies":[{"embeddable":true,"href":"https:\/\/berissodigital.com\/wp\/wp-json\/wp\/v2\/comments?post=1268"}],"version-history":[{"count":2,"href":"https:\/\/berissodigital.com\/wp\/wp-json\/wp\/v2\/posts\/1268\/revisions"}],"predecessor-version":[{"id":1271,"href":"https:\/\/berissodigital.com\/wp\/wp-json\/wp\/v2\/posts\/1268\/revisions\/1271"}],"wp:featuredmedia":[{"embeddable":true,"href":"https:\/\/berissodigital.com\/wp\/wp-json\/wp\/v2\/media\/1269"}],"wp:attachment":[{"href":"https:\/\/berissodigital.com\/wp\/wp-json\/wp\/v2\/media?parent=1268"}],"wp:term":[{"taxonomy":"category","embeddable":true,"href":"https:\/\/berissodigital.com\/wp\/wp-json\/wp\/v2\/categories?post=1268"},{"taxonomy":"post_tag","embeddable":true,"href":"https:\/\/berissodigital.com\/wp\/wp-json\/wp\/v2\/tags?post=1268"}],"curies":[{"name":"wp","href":"https:\/\/api.w.org\/{rel}","templated":true}]}}